{"id":1003871,"date":"2013-02-06T14:20:00","date_gmt":"2013-02-06T13:20:00","guid":{"rendered":"http:\/\/obsnev.es\/?p=1003871"},"modified":"2013-02-06T14:20:00","modified_gmt":"2013-02-06T13:20:00","slug":"on-3871","status":"publish","type":"post","link":"https:\/\/obsnev.es\/en\/on-3871\/","title":{"rendered":"Nuevo proyecto: Seguimiento de los efectos del cambio global en Sierra Nevada, fase III: Recopilaci\u00f3n de informaci\u00f3n hist\u00f3rica sobre aspectos estructurales y funcionales de la red de EMIs"},"content":{"rendered":"<div style=\"text-align: justify;\">&nbsp;<\/div>\n<div style=\"text-align: justify;\">&nbsp;<\/div>\n<div style=\"text-align: justify;\"><span style=\"font-family: Arial, Helvetica, sans-serif;\">Desde el Laboratorio de ecolog&iacute;a del CEAMA, en el contexto del Observatorio del cambio global de Sierra Nevada llevamos ya algunos a&ntilde;os tratando de poner en pr&aacute;ctica la m&aacute;xima del t&iacute;tulo de esta entrada: &quot;Conocer el pasado, para entender el presente y simular el futuro&quot;. De una forma menos elegante podr&iacute;a decirse que el pasado pesa, y mucho, tanto en la estructura como en el funcionamiento de los ecosistemas.&nbsp;<\/span><\/div>\n<div style=\"text-align: justify;\">&nbsp;<\/div>\n<div style=\"text-align: justify;\"><span style=\"font-family: Arial, Helvetica, sans-serif;\">En nuestro &aacute;mbito (monta&ntilde;as mediterr&aacute;neas), el pasado es sin&oacute;nimo de uso intensivo del territorio: ganader&iacute;a, cortas, repoblaciones, cortas de nuevo, incendios &#8230; Es f&aacute;cil darse cuenta de esto: basta con darse un paseo por cualquiera de nuestros montes y tratar de preguntarse el por qu&eacute; tal bosque ocupa tal espacio o por qu&eacute; existe ese l&iacute;mite tan neto en esa formaci&oacute;n, o qu&eacute; pinta aqu&iacute; este olivo a 2000 metros de altitud &#8230; Las respuestas casi siempre tienen que ver con que alg&uacute;n humano estuvo all&iacute; hace un tiempo e hizo algo.&nbsp;<\/span><\/div>\n<div style=\"text-align: justify;\">&nbsp;<\/div>\n<div style=\"text-align: justify;\"><span style=\"font-family: Arial, Helvetica, sans-serif;\">Pero no basta con las percepciones subjetivas para cuantificar el peso del pasado en los procesos ecol&oacute;gicos. Debemos de dise&ntilde;ar metodolog&iacute;as para identificar qu&eacute; partes del pasado afectan y c&oacute;mo a qu&eacute; partes del presente. Suena ambiguo porque es ambiguo y resbaladizo. No es f&aacute;cil establecer relaciones entre cosas que ocurrieron hace d&eacute;cadas y procesos ecol&oacute;gicos actuales. Adem&aacute;s, normalmente la informaci&oacute;n del pasado de la que disponemos es parcial y muy puntual (es una foto).&nbsp;<\/span><\/div>\n<div style=\"text-align: justify;\">&nbsp;<\/div>\n<div style=\"text-align: justify;\"><span style=\"font-family: Arial, Helvetica, sans-serif;\">A pesar de estas dificultades, hemos avanzado considerablemente en los &uacute;ltimos a&ntilde;os. Con un poco de suerte en breve publicaremos un trabajo sobre el efecto que tienen los cambios de uso del suelo en 1956 en la regeneraci&oacute;n de encinas debajo de los pinares de repoblaci&oacute;n de Sierra Nevada. Hemos visto que cuanto m&aacute;s intenso era el uso en 1956 menos regeneraci&oacute;n de encina se observa en la actualidad. Interesante&#8230; Para realizar este estudio hemos utilizado las fotograf&iacute;as a&eacute;reas de 1956 y un inventario forestal realizado en 2005. Pero necesitamos m&aacute;s informaci&oacute;n sobre el pasado:<\/span><\/div>\n<div style=\"text-align: justify;\">&nbsp;<\/div>\n<div style=\"text-align: justify;\"><span style=\"font-family: Arial, Helvetica, sans-serif;\">Gracias a la <a href=\"http:\/\/www.fundacion-biodiversidad.es\/\">Fundaci&oacute;n Biodiversidad<\/a> dedicaremos todo un a&ntilde;o (mayo 2013 &#8211; mayo 2014) a recopilar informaci&oacute;n hist&oacute;rica sobre una serie de montes de Sierra Nevada. En primer lugar bucearemos en mapas de usos antiguos, catastro y otras fuentes documentales para aprender c&oacute;mo era la cubierta vegetal de Sierra Nevada en la historia reciente. Pero conocer el aspecto del paisaje es solo una parte de esta historia. Tambi&eacute;n es fundamental conocer c&oacute;mo se usa ese paisaje. Para ello recopilaremos informaci&oacute;n sobre aprovechamientos hist&oacute;ricos en nuestros montes: bellotas, madera, setas, miel, etc. Por &uacute;ltimo haremos un esfuerzo para intentar conocer m&aacute;s cosas sobre c&oacute;mo era el clima de Sierra Nevada en el pasado. Recopilaremos series clim&aacute;ticas de colegios, ayuntamientos y otras fuentes difusas.<\/span><\/div>\n<div style=\"text-align: justify;\">&nbsp;<\/div>\n<div class=\"separator\" style=\"clear: both; text-align: justify;\"><a href=\"http:\/\/1.bp.blogspot.com\/-dFnqyWdqKH0\/URI5NJn0LeI\/AAAAAAAAAps\/GMMXxYap_h8\/s1600\/Captura+de+pantalla+2013-02-06+a+la(s)+11.57.37.png\" imageanchor=\"1\" style=\"margin-left: 1em; margin-right: 1em;\"><img fetchpriority=\"high\" decoding=\"async\" border=\"0\" height=\"320\" src=\"http:\/\/1.bp.blogspot.com\/-dFnqyWdqKH0\/URI5NJn0LeI\/AAAAAAAAAps\/GMMXxYap_h8\/s320\/Captura+de+pantalla+2013-02-06+a+la(s)+11.57.37.png\" width=\"215\" \/><\/a><\/div>\n<div style=\"text-align: justify;\">&nbsp;<\/div>\n<div style=\"text-align: justify;\">&nbsp;<\/div>\n<div style=\"text-align: justify;\">&nbsp;<\/div>\n<div style=\"text-align: justify;\"><span style=\"font-family: Arial, Helvetica, sans-serif;\">En definitiva, un proyecto ilusionante en el contexto del Observatorio de seguimiento del cambio global de Sierra Nevada, auspiciado por la Fundaci&oacute;n Biodiversidad (v&iacute;a red de seguimiento de Parques Nacionales, financiado por <a href=\"http:\/\/www.ferrovial.com\/es?_afrLoop=6117451223211067&amp;_afrWindowMode=0&amp;_afrWindowId=postpreview#%40%3F_afrWindowId%3Dpostpreview%26_afrLoop%3D6117451223211067%26wcnav.model%3D%25252Foracle%25252Fwebcenter%25252Fportalapp%25252Fnavigations%25252Fnavegacion_es%26_afrWindowMode%3D0%26_adf.ctrl-state%3Dun7r2g0b9_4\">Ferrovial<\/a>). De hecho, este proyecto es la Fase III de los que nos financia la Fundaci&oacute;n. Empezaron instalando la red de estaciones multiparam&eacute;tricas de Sierra Nevada (Fase 0), contribuyeron al dise&ntilde;o de la red de Estaciones de Monitoreo Intensivo (Fase I) y tambi&eacute;n financiaron la instalaci&oacute;n de redes sensoriales en una de estas estaciones (Fase II)<\/span><\/div>\n<div style=\"text-align: justify;\">&nbsp;<\/div>\n<div class=\"separator\" style=\"clear: both; text-align: justify;\"><a href=\"http:\/\/4.bp.blogspot.com\/-Zj2kfM56Rck\/URI2hH0LrHI\/AAAAAAAAApc\/Xz5pHt1vFN4\/s1600\/esquemas_fb2012.jpg\" imageanchor=\"1\" style=\"margin-left: 1em; margin-right: 1em;\"><span style=\"font-family: Arial, Helvetica, sans-serif;\"><img decoding=\"async\" border=\"0\" height=\"480\" src=\"http:\/\/4.bp.blogspot.com\/-Zj2kfM56Rck\/URI2hH0LrHI\/AAAAAAAAApc\/Xz5pHt1vFN4\/s640\/esquemas_fb2012.jpg\" width=\"640\" \/><\/span><\/a><\/div>\n<div style=\"text-align: justify;\">&nbsp;<\/div>\n<p><span style=\"font-weight:bold\">Autores:<\/span> F. J. Bonet<\/p>","protected":false},"excerpt":{"rendered":"<p>&nbsp; &nbsp; Desde el Laboratorio de ecolog&iacute;a del CEAMA, en el contexto del Observatorio del cambio global de Sierra Nevada llevamos ya algunos a&ntilde;os tratando de poner en pr&aacute;ctica la m&aacute;xima del t&iacute;tulo de esta entrada: &quot;Conocer el pasado, para entender el presente y simular el futuro&quot;. De una forma menos elegante podr&iacute;a decirse que [&hellip;]<\/p>\n","protected":false},"author":1,"featured_media":3702,"comment_status":"open","ping_status":"open","sticky":false,"template":"","format":"standard","meta":{"_acf_changed":false,"footnotes":""},"categories":[8],"tags":[18,113,114],"class_list":["post-1003871","post","type-post","status-publish","format-standard","has-post-thumbnail","hentry","category-canal-de-noticias","tag-cambio-global","tag-estaciones-de-monitoreo-intensivo","tag-historia"],"acf":[],"aioseo_notices":[],"_links":{"self":[{"href":"https:\/\/obsnev.es\/en\/wp-json\/wp\/v2\/posts\/1003871","targetHints":{"allow":["GET"]}}],"collection":[{"href":"https:\/\/obsnev.es\/en\/wp-json\/wp\/v2\/posts"}],"about":[{"href":"https:\/\/obsnev.es\/en\/wp-json\/wp\/v2\/types\/post"}],"author":[{"embeddable":true,"href":"https:\/\/obsnev.es\/en\/wp-json\/wp\/v2\/users\/1"}],"replies":[{"embeddable":true,"href":"https:\/\/obsnev.es\/en\/wp-json\/wp\/v2\/comments?post=1003871"}],"version-history":[{"count":0,"href":"https:\/\/obsnev.es\/en\/wp-json\/wp\/v2\/posts\/1003871\/revisions"}],"wp:featuredmedia":[{"embeddable":true,"href":"https:\/\/obsnev.es\/en\/wp-json\/wp\/v2\/media\/3702"}],"wp:attachment":[{"href":"https:\/\/obsnev.es\/en\/wp-json\/wp\/v2\/media?parent=1003871"}],"wp:term":[{"taxonomy":"category","embeddable":true,"href":"https:\/\/obsnev.es\/en\/wp-json\/wp\/v2\/categories?post=1003871"},{"taxonomy":"post_tag","embeddable":true,"href":"https:\/\/obsnev.es\/en\/wp-json\/wp\/v2\/tags?post=1003871"}],"curies":[{"name":"wp","href":"https:\/\/api.w.org\/{rel}","templated":true}]}}