{"id":1004666,"date":"2013-05-16T10:37:27","date_gmt":"2013-05-16T08:37:27","guid":{"rendered":"http:\/\/obsnev.es\/?p=1004666"},"modified":"2013-05-16T10:37:27","modified_gmt":"2013-05-16T08:37:27","slug":"on-4666","status":"publish","type":"post","link":"https:\/\/obsnev.es\/en\/on-4666\/","title":{"rendered":"Jornadas formativas de la Red de Seguimiento de Mariposas de Sierra Nevada"},"content":{"rendered":"<p>Unas jornadas formativas constituyen el pistoletazo de salida para la Red de Seguimiento de Mariposas Diurnas de Sierra Nevada a trav\u00e9s de voluntarios. Esta red consiste en la puesta en marcha de seguimientos de campo cuyo fin \u00faltimo es aportar informaci\u00f3n \u00fatil para la gesti\u00f3n sobre el estado y tendencia de las especies y de los principales ecosistemas de Sierra Nevada a medio y largo plazo. Del mismo modo, se pretende involucrar a grupos de voluntarios en el seguimiento de procesos ecol\u00f3gicos. Las jornadas, que tendr\u00e1n lugar el s\u00e1bado 18 de mayo, est\u00e1n destinadas a un grupo inicial de diez voluntarios. Los principales aspectos a tratar en dicha reuni\u00f3n son la definici\u00f3n de conceptos metodol\u00f3gicos y el dise\u00f1o de los recorridos que formar\u00e1n parte de esta red de seguimiento a largo plazo. Finalmente se impartir\u00e1n clases te\u00f3ricas y pr\u00e1cticas que permitir\u00e1n a los asistentes adquirir los conocimientos necesarios para identificar la mayor parte de las especies de mariposas presentes Sierra Nevada. El encuentro comenzar\u00e1 en el Centro de Recuperaci\u00f3n de Especies Amenazadas \u201cEl Blanqueo\u201d desde las nueve y media de la ma\u00f1ana y concluir\u00e1 en el paraje de el Purche antes de las tres de la tarde. La Red de Seguimiento de Mariposas Diurnas de Sierra Nevada es una iniciativa del Observatorio de Cambio Global de Sierra Nevada y cuenta con la colaboraci\u00f3n de la empresa de Servicios de Ecoturismo, Interpretaci\u00f3n del Patrimonio, Formaci\u00f3n y Gesti\u00f3n ambiental \u2018al-natural\u2019 a trav\u00e9s de su programa \u2018Lepides\u2019.En esta Red de Seguimiento puede participar quien lo desee. En la direcci\u00f3n de contacto \u2018mariposasnevada@gmail.com\u2019 se podr\u00e1 solicitar m\u00e1s informaci\u00f3n y conocer el nivel de compromiso m\u00ednimo para garantizar la periodicidad de seguimiento necesaria, as\u00ed como una longitud de la serie temporal adecuada.<\/p>\n<p><span style=\"font-weight:bold\">Autores:<\/span> Jos\u00e9 Miguel Barea Azc\u00f3n<\/p>","protected":false},"excerpt":{"rendered":"<p>Unas jornadas formativas constituyen el pistoletazo de salida para la Red de Seguimiento de Mariposas Diurnas de Sierra Nevada a trav\u00e9s de voluntarios. Esta red consiste en la puesta en marcha de seguimientos de campo cuyo fin \u00faltimo es aportar informaci\u00f3n \u00fatil para la gesti\u00f3n sobre el estado y tendencia de las especies y de [&hellip;]<\/p>\n","protected":false},"author":1,"featured_media":1008422,"comment_status":"open","ping_status":"open","sticky":false,"template":"","format":"standard","meta":{"_acf_changed":false,"footnotes":""},"categories":[8],"tags":[98,121,122,123],"class_list":["post-1004666","post","type-post","status-publish","format-standard","has-post-thumbnail","hentry","category-canal-de-noticias","tag-mariposas-diurnas","tag-participacion-ciudadana","tag-red-de-seguimiento","tag-voluntarios"],"acf":[],"aioseo_notices":[],"_links":{"self":[{"href":"https:\/\/obsnev.es\/en\/wp-json\/wp\/v2\/posts\/1004666","targetHints":{"allow":["GET"]}}],"collection":[{"href":"https:\/\/obsnev.es\/en\/wp-json\/wp\/v2\/posts"}],"about":[{"href":"https:\/\/obsnev.es\/en\/wp-json\/wp\/v2\/types\/post"}],"author":[{"embeddable":true,"href":"https:\/\/obsnev.es\/en\/wp-json\/wp\/v2\/users\/1"}],"replies":[{"embeddable":true,"href":"https:\/\/obsnev.es\/en\/wp-json\/wp\/v2\/comments?post=1004666"}],"version-history":[{"count":0,"href":"https:\/\/obsnev.es\/en\/wp-json\/wp\/v2\/posts\/1004666\/revisions"}],"wp:featuredmedia":[{"embeddable":true,"href":"https:\/\/obsnev.es\/en\/wp-json\/wp\/v2\/media\/1008422"}],"wp:attachment":[{"href":"https:\/\/obsnev.es\/en\/wp-json\/wp\/v2\/media?parent=1004666"}],"wp:term":[{"taxonomy":"category","embeddable":true,"href":"https:\/\/obsnev.es\/en\/wp-json\/wp\/v2\/categories?post=1004666"},{"taxonomy":"post_tag","embeddable":true,"href":"https:\/\/obsnev.es\/en\/wp-json\/wp\/v2\/tags?post=1004666"}],"curies":[{"name":"wp","href":"https:\/\/api.w.org\/{rel}","templated":true}]}}