{"id":1004751,"date":"2013-05-22T19:10:00","date_gmt":"2013-05-22T17:10:00","guid":{"rendered":"http:\/\/obsnev.es\/?p=1004751"},"modified":"2013-05-22T19:10:00","modified_gmt":"2013-05-22T17:10:00","slug":"on-4751","status":"publish","type":"post","link":"https:\/\/obsnev.es\/en\/on-4751\/","title":{"rendered":"Optimizaci\u00f3n del manejo de datos ecol\u00f3gicos: herramientas de captura, an\u00e1lisis y consulta de datos"},"content":{"rendered":"<p>Durante los d&iacute;as 6 a 10 de Mayo se ha celebrado en Pamplona el XI Congreso de la Asociaci&oacute;n Espa&ntilde;ola de Ecolog&iacute;a Terrestre (<a href=\"http:\/\/www.aeet.org\/\">AEET<\/a>). Bajo el lema Invitaci&oacute;n a la Ecolog&iacute;a: Estrechando lazos con la sociedad se han dado cita en la Universidad P&uacute;blica de Navarra cient&iacute;ficos de diversos &aacute;mbitos de la ecolog&iacute;a de ambito estatal e internacional.&nbsp;<\/p>\n<p style=\"text-align: center;\">&nbsp;<\/p>\n<p style=\"text-align: center;\"><img decoding=\"async\" alt=\"\" data-rich-image-id=\"80\" src=\"\/system\/images\/80\/large\/2012-5-upna-g.jpg?1369241327\" \/><\/p>\n<p style=\"text-align: center;\">Logo del XI Congreso de la AEET&nbsp;<\/p>\n<p>En el seno de dicho congreso se han celebrado varios talleres. Uno de ellos titulado<em> &quot;Optimizaci&oacute;n del manejo de datos ecol&oacute;gicos: herramientas de captura, an&aacute;lisis y consulta de datos&quot;<\/em>, ha sido organizado e impartido por R. P&eacute;rez-P&eacute;rez, F.J. Bonet y A.J. P&eacute;rez-Luque que forman parte del equipo del Sistema de Informaci&oacute;n del Observatorio de Cambio Global de Sierra Nevada. En este taller participaron 20 alumnos de diferentes perfiles profesionales (ingenieros de montes, bi&oacute;logos, ambient&oacute;logos) desde alumnos de master pasando por estudiantes de doctorado e investigadores de diferentes disciplinas de la ecolog&iacute;a.&nbsp;<\/p>\n<p>El objetivo del taller fue introducir a los alumnos en el &aacute;mbito de la gesti&oacute;n de los datos ecol&oacute;gicos. Una adecuada gesti&oacute;n de la informaci&oacute;n, desde su captura hasta la publicaci&oacute;n de los resultados, aumenta el valor a&ntilde;adido de los datos recolectados y evita la p&eacute;rdida de informaci&oacute;n contenida en los datos ecol&oacute;gicos. Para ello se esne&ntilde;aron a los alumnos diversas t&eacute;cnicas relacionadas con el manejo de datos ecol&oacute;gicos. El taller estuvo estructurado en sesiones te&oacute;rico-pr&aacute;cticas en las que se desarrollar&aacute;n los siguientes aspectos:<\/p>\n<p>Modelo conceptual de un Sistema de Informaci&oacute;n&nbsp;<br \/>Aplicaciones m&oacute;viles para la toma de datos&nbsp;<br \/>Almacenamiento y gesti&oacute;n de datos y metadatos&nbsp;<br \/>T&eacute;cnicas de visualizaci&oacute;n y an&aacute;lisis de los datos: infograf&iacute;a y miner&iacute;a de datos<\/p>\n<p style=\"text-align: center;\"><img decoding=\"async\" alt=\"\" data-rich-image-id=\"81\" src=\"\/system\/images\/81\/large\/esquema-taller-aeet.jpg?1369241842\" \/><\/p>\n<p>&nbsp;<\/p>\n<p>Para el desarrollo pr&aacute;ctico del taller se utiliz&oacute; un conjunto de datos reales (datos de regeneraci&oacute;n de robledal en campos de cultivo abandonados) que permiti&oacute; la contextualizaci&oacute;n de cada uno de los aspectos te&oacute;ricos tratados.&nbsp;<\/p>\n<p>A continuaci&oacute;n mostramos cada una de las presentaciones realizadas por los docentes y en <a href=\"http:\/\/goo.gl\/0dgiV\">este<\/a> enlace (300 Mb) se puede descargar todo el material utilizado en dicho taller.&nbsp;<\/p>\n<p>1. <a href=\"http:\/\/prezi.com\/f4jw1a1ezcsb\/hilo_argumental_aeet_2013\/?auth_key=03834d66f1370b00279fd06241f4b7a582e87fb8&amp;kw=view-f4jw1a1ezcsb&amp;rc=ref-307987\">Introducci&oacute;n a los Sistemas de Informaci&oacute;n &nbsp;<\/a><\/p>\n<p>2.&nbsp;<a href=\"http:\/\/es.scribd.com\/doc\/143241930\/toma-datos-ppt\">Aplicaciones m&oacute;viles para la toma de datos<\/a><\/p>\n<p>3.&nbsp;<a href=\"http:\/\/prezi.com\/g0tzuniyguaz\/taller_bbdd_aeet_2013\/?kw=view-g0tzuniyguaz&amp;rc=ref-307987\">Almacenamiento y gesti&oacute;n de datos: introducci&oacute;n a las bases de datos<\/a><\/p>\n<p>4. <a href=\"http:\/\/prezi.com\/yhxfvxc1rtmm\/ajpelu_intro_metadatos_pamplona2013\/\">Introducci&oacute;n a los metadatos en ecolog&iacute;a<\/a><\/p>\n<p>5. <a href=\"http:\/\/es.scribd.com\/doc\/143237015\/Flujos-Trabajo\">Flujos de trabajo cient&iacute;fico<\/a><\/p>\n<p style=\"text-align: center;\"><img decoding=\"async\" alt=\"\" data-rich-image-id=\"82\" src=\"\/system\/images\/82\/large\/2013-05-06-13-48-16.jpg?1369242277\" \/><\/p>\n<p>Para mas informaci&oacute;n acerca del curso puede contactar con:&nbsp;<\/p>\n<p>Francisco J. Bonet (fjbonet@ugr.es)<\/p>\n<p>Ram&oacute;n P&eacute;rez-P&eacute;rez (ramon@ugr.es)&nbsp;<\/p>\n<p>Antonio Jes&uacute;s P&eacute;rez-Luque (ajperez@ugr.es)<\/p>\n<p>&nbsp;<\/p>\n<p>&nbsp;<\/p>\n<p><span style=\"font-weight:bold\">Autores:<\/span> P\u00e9rez-Luque, A.J.; Bonet, F.J.; P\u00e9rez-P\u00e9rez, R. <\/p>","protected":false},"excerpt":{"rendered":"<p>Durante los d&iacute;as 6 a 10 de Mayo se ha celebrado en Pamplona el XI Congreso de la Asociaci&oacute;n Espa&ntilde;ola de Ecolog&iacute;a Terrestre (AEET). Bajo el lema Invitaci&oacute;n a la Ecolog&iacute;a: Estrechando lazos con la sociedad se han dado cita en la Universidad P&uacute;blica de Navarra cient&iacute;ficos de diversos &aacute;mbitos de la ecolog&iacute;a de ambito [&hellip;]<\/p>\n","protected":false},"author":37,"featured_media":3702,"comment_status":"open","ping_status":"open","sticky":false,"template":"","format":"standard","meta":{"_acf_changed":false,"footnotes":""},"categories":[8],"tags":[128,10,129,130],"class_list":["post-1004751","post","type-post","status-publish","format-standard","has-post-thumbnail","hentry","category-canal-de-noticias","tag-datos-ecologicos","tag-divulgacion","tag-docencia","tag-sistemas-de-informacion"],"acf":[],"aioseo_notices":[],"_links":{"self":[{"href":"https:\/\/obsnev.es\/en\/wp-json\/wp\/v2\/posts\/1004751","targetHints":{"allow":["GET"]}}],"collection":[{"href":"https:\/\/obsnev.es\/en\/wp-json\/wp\/v2\/posts"}],"about":[{"href":"https:\/\/obsnev.es\/en\/wp-json\/wp\/v2\/types\/post"}],"author":[{"embeddable":true,"href":"https:\/\/obsnev.es\/en\/wp-json\/wp\/v2\/users\/37"}],"replies":[{"embeddable":true,"href":"https:\/\/obsnev.es\/en\/wp-json\/wp\/v2\/comments?post=1004751"}],"version-history":[{"count":0,"href":"https:\/\/obsnev.es\/en\/wp-json\/wp\/v2\/posts\/1004751\/revisions"}],"wp:featuredmedia":[{"embeddable":true,"href":"https:\/\/obsnev.es\/en\/wp-json\/wp\/v2\/media\/3702"}],"wp:attachment":[{"href":"https:\/\/obsnev.es\/en\/wp-json\/wp\/v2\/media?parent=1004751"}],"wp:term":[{"taxonomy":"category","embeddable":true,"href":"https:\/\/obsnev.es\/en\/wp-json\/wp\/v2\/categories?post=1004751"},{"taxonomy":"post_tag","embeddable":true,"href":"https:\/\/obsnev.es\/en\/wp-json\/wp\/v2\/tags?post=1004751"}],"curies":[{"name":"wp","href":"https:\/\/api.w.org\/{rel}","templated":true}]}}