{"id":1004850,"date":"2013-06-06T18:59:00","date_gmt":"2013-06-06T16:59:00","guid":{"rendered":"http:\/\/obsnev.es\/?p=1004850"},"modified":"2013-06-06T18:59:00","modified_gmt":"2013-06-06T16:59:00","slug":"on-4850","status":"publish","type":"post","link":"https:\/\/obsnev.es\/en\/on-4850\/","title":{"rendered":"Seminario: Impactos, Vulnerabilidad y Adaptaci\u00f3n de los bosques y la biodiversidad de Espa\u00f1a frente al Cambio Clim\u00e1tico"},"content":{"rendered":"<p>Durante los pasados d&iacute;as 28 y 29 de Mayo se celebr&oacute; en el Centro Nacional de Educaci&oacute;n Ambiental (<a href=\"http:\/\/www.magrama.gob.es\/es\/ceneam\/quienes-somos\/\">CENEAM<\/a>) una reuni&oacute;n de expertos bajo el t&iacute;tulo<em><strong> &quot;Impactos, Vulnerabilidad y Adaptaci&oacute;n de los bosques y la biodiversidad de Espa&ntilde;a frente al Cambio Clim&aacute;tico&quot;<\/strong><\/em>. El encuentro que tuvo lugar en Valsa&iacute;n (Segovia) estuvo organizado adem&aacute;s de por el CENEAM, por la Oficina Espa&ntilde;ola de Cambio Clim&aacute;tico (<a href=\"http:\/\/www.magrama.gob.es\/es\/ceneam\/recursos\/quien-es-quien\/oficina_cc.aspx\">OECC<\/a>) y la <a href=\"http:\/\/www.uah.es\/\">Universidad de Alcal&aacute;<\/a>, con la colaboraci&oacute;n del <a href=\"http:\/\/www.magrama.gob.es\/\">Ministerio de Agricultura, Alimentaci&oacute;n y Medio Ambiente <\/a>y de la <a href=\"http:\/\/www.fundacion-biodiversidad.es\/\">Fundaci&oacute;n Biodiversidad<\/a>.<\/p>\n<p>En el evento participaron cient&iacute;ficos de diferentes universidades (Universidad de Granada, U. de Alcal&aacute; de Henares, U.de Castilla La Mancha, U. Rey Juan Carlos, U. Polit&eacute;cnica de Madrid,&nbsp;U. Pablo de Olavide, U. de C&oacute;rdoba, U. de Jaen, U. de Santiando de Compostela) y de centros de investigaci&oacute;n (Museo Nacional de Ciencas Naturales,&nbsp;CREAF &#8211; Centre de Recerca Ecol&ograve;gica i Aplicacions Forestals, Insituto Pirenaico de Ecolog&iacute;a, Basque Centro for Climate Change) y personal del Organismo Aut&oacute;nomo de Parques Nacionales, de la&nbsp;Direcci&oacute;n General de Desarrollo Rural y Pol&iacute;tica Forestal y de la Direcci&oacute;n General de Calidad, Evaluaci&oacute;n Ambiental y Medio Natural del Ministerio de Agricultura, Alimentaci&oacute;n y Medio Ambiente (MAGRAMA) y de EUROPARC.&nbsp;<\/p>\n<p>Con este encuentro se ha pretendido analizar el estado del conocimiento sobre los impactos, vulnerabilidad y adaptaci&oacute;n de los bosques espa&ntilde;oles y de la biodiversidad frente al cambio clim&aacute;tico. Se han presentado diferentes ponencias sobre las prediciones en la distribuci&oacute;n de las especies, impactos del cambio clim&aacute;tco en el funcionamiento de los ecosistemas, impactos en ecosistemas de monta&ntilde;a, en diferentes grupos de fauna, entre otros. Adem&aacute;s de analizar el estado del conocimiento se expusieron ponencias relacionadas con la gesti&oacute;n adpatativa as&iacute; como otras enfocadas hacia la transferencia de conocimiento y aplicaci&oacute;n de medidas de adaptaci&oacute;n.&nbsp;<\/p>\n<p style=\"text-align: center;\"><img decoding=\"async\" alt=\"\" data-rich-image-id=\"83\" src=\"\/system\/images\/83\/large\/impactos.jpg?1370537826\" usemap=\"#impactos.jpg?1370537826\" \/><\/p>\n<p>&nbsp;<\/p>\n<p>El coordinador cient&iacute;fico del programa de seguimiento, Profesor Regino Zamora, present&oacute; una ponencia que versaba sobre el conocimiento cient&iacute;fico y su aplicaci&oacute;n. Concretamente habl&oacute; del dise&ntilde;o y validaci&oacute;n de nuevas herramientas para la gesti&oacute;n adaptativa poniendo como caso de estudio algunos ejemplos llevados a cabo en Sierra Nevada.&nbsp;<\/p>\n<p><span style=\"font-weight:bold\">Autores:<\/span> P\u00e9rez-Luque, A.J.<\/p>","protected":false},"excerpt":{"rendered":"<p>Durante los pasados d&iacute;as 28 y 29 de Mayo se celebr&oacute; en el Centro Nacional de Educaci&oacute;n Ambiental (CENEAM) una reuni&oacute;n de expertos bajo el t&iacute;tulo &quot;Impactos, Vulnerabilidad y Adaptaci&oacute;n de los bosques y la biodiversidad de Espa&ntilde;a frente al Cambio Clim&aacute;tico&quot;. El encuentro que tuvo lugar en Valsa&iacute;n (Segovia) estuvo organizado adem&aacute;s de por [&hellip;]<\/p>\n","protected":false},"author":37,"featured_media":1008447,"comment_status":"open","ping_status":"open","sticky":false,"template":"","format":"standard","meta":{"_acf_changed":false,"footnotes":""},"categories":[8],"tags":[134,26,10],"class_list":["post-1004850","post","type-post","status-publish","format-standard","has-post-thumbnail","hentry","category-canal-de-noticias","tag-bosques","tag-cambio-climatico","tag-divulgacion"],"acf":[],"aioseo_notices":[],"_links":{"self":[{"href":"https:\/\/obsnev.es\/en\/wp-json\/wp\/v2\/posts\/1004850","targetHints":{"allow":["GET"]}}],"collection":[{"href":"https:\/\/obsnev.es\/en\/wp-json\/wp\/v2\/posts"}],"about":[{"href":"https:\/\/obsnev.es\/en\/wp-json\/wp\/v2\/types\/post"}],"author":[{"embeddable":true,"href":"https:\/\/obsnev.es\/en\/wp-json\/wp\/v2\/users\/37"}],"replies":[{"embeddable":true,"href":"https:\/\/obsnev.es\/en\/wp-json\/wp\/v2\/comments?post=1004850"}],"version-history":[{"count":0,"href":"https:\/\/obsnev.es\/en\/wp-json\/wp\/v2\/posts\/1004850\/revisions"}],"wp:featuredmedia":[{"embeddable":true,"href":"https:\/\/obsnev.es\/en\/wp-json\/wp\/v2\/media\/1008447"}],"wp:attachment":[{"href":"https:\/\/obsnev.es\/en\/wp-json\/wp\/v2\/media?parent=1004850"}],"wp:term":[{"taxonomy":"category","embeddable":true,"href":"https:\/\/obsnev.es\/en\/wp-json\/wp\/v2\/categories?post=1004850"},{"taxonomy":"post_tag","embeddable":true,"href":"https:\/\/obsnev.es\/en\/wp-json\/wp\/v2\/tags?post=1004850"}],"curies":[{"name":"wp","href":"https:\/\/api.w.org\/{rel}","templated":true}]}}