{"id":1004948,"date":"2013-07-08T12:04:00","date_gmt":"2013-07-08T10:04:00","guid":{"rendered":"http:\/\/obsnev.es\/?p=1004948"},"modified":"2013-07-08T12:04:00","modified_gmt":"2013-07-08T10:04:00","slug":"on-4948","status":"publish","type":"post","link":"https:\/\/obsnev.es\/en\/on-4948\/","title":{"rendered":"El gato mont\u00e9s en Sierra Nevada no muestra indicios de hibridaci\u00f3n con gato dom\u00e9stico (a pesar de que la poblaci\u00f3n de gatos dom\u00e9sticos de la Sierra se cifra en varios millares de individuos)"},"content":{"rendered":"<p>El seguimiento de la poblaci&oacute;n de gato mont&eacute;s de Sierra Nevada mediante trampeo fotogr&aacute;fico permite estimar una poblaci&oacute;n de 97&plusmn;37 gatos en el conjunto del Espacio Protegido (0,48&plusmn;0,18 individuos\/Km2 en h&aacute;bitats &oacute;ptimos). Este valor se encuentra muy por encima del rango encontrado para la especie en otras regiones (Sicilia: 0,28 gatos\/km2 y Turqu&iacute;a: 0,22 gatos\/km2). La densidad no es homog&eacute;nea en todo el macizo, ya que alcanza m&aacute;ximos en la vertiente sur de la Sierra y en su extremo oriental (0,45 y 0,37 individuos\/km2 respectivamente) y m&iacute;nimos en la zona noroccidental (0,2 individuos\/km2).<br \/>El an&aacute;lisis del patr&oacute;n de pelaje de los individuos fotografiados muestra la ausencia de hibridaci&oacute;n con gato dom&eacute;stico, a pesar de que la poblaci&oacute;n de gato dom&eacute;stico de Sierra Nevada se ha cifrado en algo m&aacute;s de 6.000 individuos. Los gatos dom&eacute;sticos se distribuyen principalmente en la periferia del Parque Natural, lo cual contribuye a que el solapamiento con los h&aacute;bitats que ocupan los gatos monteses sea muy bajo. Prueba de ello es que en los trabajos de seguimiento solamente se han conseguido fotograf&iacute;as 3 ejemplares de gatos dom&eacute;sticos. Los encinares son el ecosistema que alberga las mejores poblaciones de gato mont&eacute;s en Sierra Nevada y su recuperaci&oacute;n probablemente juegue un papel sustancial para el mantenimiento de este felino.<\/p>\n<p><span style=\"font-weight:bold\">Autores:<\/span> Jos\u00e9 Miguel Barea Azc\u00f3n<\/p>","protected":false},"excerpt":{"rendered":"<p>El seguimiento de la poblaci&oacute;n de gato mont&eacute;s de Sierra Nevada mediante trampeo fotogr&aacute;fico permite estimar una poblaci&oacute;n de 97&plusmn;37 gatos en el conjunto del Espacio Protegido (0,48&plusmn;0,18 individuos\/Km2 en h&aacute;bitats &oacute;ptimos). Este valor se encuentra muy por encima del rango encontrado para la especie en otras regiones (Sicilia: 0,28 gatos\/km2 y Turqu&iacute;a: 0,22 gatos\/km2). [&hellip;]<\/p>\n","protected":false},"author":1,"featured_media":1008441,"comment_status":"open","ping_status":"open","sticky":false,"template":"","format":"standard","meta":{"_acf_changed":false,"footnotes":""},"categories":[8],"tags":[18,154,155,156,49],"class_list":["post-1004948","post","type-post","status-publish","format-standard","has-post-thumbnail","hentry","category-canal-de-noticias","tag-cambio-global","tag-fauna","tag-gato-domestico","tag-gato-montes","tag-sierra-nevada"],"acf":[],"aioseo_notices":[],"_links":{"self":[{"href":"https:\/\/obsnev.es\/en\/wp-json\/wp\/v2\/posts\/1004948","targetHints":{"allow":["GET"]}}],"collection":[{"href":"https:\/\/obsnev.es\/en\/wp-json\/wp\/v2\/posts"}],"about":[{"href":"https:\/\/obsnev.es\/en\/wp-json\/wp\/v2\/types\/post"}],"author":[{"embeddable":true,"href":"https:\/\/obsnev.es\/en\/wp-json\/wp\/v2\/users\/1"}],"replies":[{"embeddable":true,"href":"https:\/\/obsnev.es\/en\/wp-json\/wp\/v2\/comments?post=1004948"}],"version-history":[{"count":0,"href":"https:\/\/obsnev.es\/en\/wp-json\/wp\/v2\/posts\/1004948\/revisions"}],"wp:featuredmedia":[{"embeddable":true,"href":"https:\/\/obsnev.es\/en\/wp-json\/wp\/v2\/media\/1008441"}],"wp:attachment":[{"href":"https:\/\/obsnev.es\/en\/wp-json\/wp\/v2\/media?parent=1004948"}],"wp:term":[{"taxonomy":"category","embeddable":true,"href":"https:\/\/obsnev.es\/en\/wp-json\/wp\/v2\/categories?post=1004948"},{"taxonomy":"post_tag","embeddable":true,"href":"https:\/\/obsnev.es\/en\/wp-json\/wp\/v2\/tags?post=1004948"}],"curies":[{"name":"wp","href":"https:\/\/api.w.org\/{rel}","templated":true}]}}