{"id":1006275,"date":"2013-11-28T11:17:42","date_gmt":"2013-11-28T09:17:42","guid":{"rendered":"http:\/\/obsnev.es\/?p=1006275"},"modified":"2013-11-28T11:17:42","modified_gmt":"2013-11-28T09:17:42","slug":"on-6275","status":"publish","type":"post","link":"https:\/\/obsnev.es\/en\/on-6275\/","title":{"rendered":"Rese\u00f1a de libro \u00abConservar aprovechando: C\u00f3mo integrar el cambio global en la gesti\u00f3n de los montes espa\u00f1oles\u00bb."},"content":{"rendered":"<p>El proyecto <a href=\"https:\/\/www.google.es\/url?sa=t&amp;rct=j&amp;q=&amp;esrc=s&amp;source=web&amp;cd=1&amp;cad=rja&amp;ved=0CDQQFjAA&amp;url=http%3A%2F%2Fwww.creaf.uab.es%2Fmontes%2F&amp;ei=ggqXUuSmEonhywOF8YKwCA&amp;usg=AFQjCNG_eVCCQB6xfvI7b3etzHgI3BdTXg&amp;sig2=ycvJF_ebZjHEFHIWCHIAMA&amp;bvm=bv.57155469,d.bGQ\">MONTES<\/a> (CONSOLIDER) acaba de hacer p&uacute;blico uno de sus productos potencialmente aplicables a la gesti&oacute;n forestal. Se trata de un libro titulado &quot;Conservar aprovechando: C&oacute;mo integrar el cambio global en la gesti&oacute;n de los montes espa&ntilde;oles). El libro se presentar&aacute; oficialmente los pr&oacute;ximos d&iacute;as 29 de noviembre (Barcelona) y 9 de diciembre (Madrid).<\/p>\n<p>El objetivo fundamental del mencionado proyecto es entender c\u00f3mo los cambios del clima, de la composici\u00f3n atmosf\u00e9rica, del uso del suelo y del r&eacute;gimen de incendios, est\u00e1n afectando los montes mediterr\u00e1neos. Durante el desarrollo de los trabajos, los expertos y cient\u00edficos han querido ir m\u00e1s all\u00e1 de la ineludible investigaci\u00f3n y han revisado y reformulado diferentes opciones de gesti\u00f3n forestal para adaptar los montes a estos cambios de dimensi\u00f3n global. El resultado ha sido un conjunto de propuestas de gesti\u00f3n que se presentan ahora en este libro.<\/p>\n<p>Este documento pretende ser una herramienta \u00fatil para integrar el efecto del cambio global dentro de la gesti\u00f3n de nuestros montes, teniendo en cuenta que estos deben ser gestionados tanto por su conservaci\u00f3n como para su aprovechamiento. Est\u00e1 estructurado en cinco bloques diferentes que describen las amenazas del cambio global sobre los bienes y servicios de los montes espa\u00f1oles y presenta diecis\u00e9is casos de estudio.<\/p>\n<p>Hemos subido el libro al gestor de bibliograf&iacute;a del Observatorio. Puede accederse a trav&eacute;s de <a href=\"http:\/\/refbase.iecolab.es\/files\/variosautores\/2013\/2530_Variosautores2013.pdf\">este<\/a> enlace.<\/p>\n<p><span style=\"font-weight:bold\">Autores:<\/span> Bonet, F.J.<\/p>","protected":false},"excerpt":{"rendered":"<p>El proyecto MONTES (CONSOLIDER) acaba de hacer p&uacute;blico uno de sus productos potencialmente aplicables a la gesti&oacute;n forestal. Se trata de un libro titulado &quot;Conservar aprovechando: C&oacute;mo integrar el cambio global en la gesti&oacute;n de los montes espa&ntilde;oles). El libro se presentar&aacute; oficialmente los pr&oacute;ximos d&iacute;as 29 de noviembre (Barcelona) y 9 de diciembre (Madrid). [&hellip;]<\/p>\n","protected":false},"author":1,"featured_media":1008435,"comment_status":"open","ping_status":"open","sticky":false,"template":"","format":"standard","meta":{"_acf_changed":false,"footnotes":""},"categories":[8],"tags":[],"class_list":["post-1006275","post","type-post","status-publish","format-standard","has-post-thumbnail","hentry","category-canal-de-noticias"],"acf":[],"aioseo_notices":[],"_links":{"self":[{"href":"https:\/\/obsnev.es\/en\/wp-json\/wp\/v2\/posts\/1006275","targetHints":{"allow":["GET"]}}],"collection":[{"href":"https:\/\/obsnev.es\/en\/wp-json\/wp\/v2\/posts"}],"about":[{"href":"https:\/\/obsnev.es\/en\/wp-json\/wp\/v2\/types\/post"}],"author":[{"embeddable":true,"href":"https:\/\/obsnev.es\/en\/wp-json\/wp\/v2\/users\/1"}],"replies":[{"embeddable":true,"href":"https:\/\/obsnev.es\/en\/wp-json\/wp\/v2\/comments?post=1006275"}],"version-history":[{"count":0,"href":"https:\/\/obsnev.es\/en\/wp-json\/wp\/v2\/posts\/1006275\/revisions"}],"wp:featuredmedia":[{"embeddable":true,"href":"https:\/\/obsnev.es\/en\/wp-json\/wp\/v2\/media\/1008435"}],"wp:attachment":[{"href":"https:\/\/obsnev.es\/en\/wp-json\/wp\/v2\/media?parent=1006275"}],"wp:term":[{"taxonomy":"category","embeddable":true,"href":"https:\/\/obsnev.es\/en\/wp-json\/wp\/v2\/categories?post=1006275"},{"taxonomy":"post_tag","embeddable":true,"href":"https:\/\/obsnev.es\/en\/wp-json\/wp\/v2\/tags?post=1006275"}],"curies":[{"name":"wp","href":"https:\/\/api.w.org\/{rel}","templated":true}]}}