{"id":1006637,"date":"2014-02-06T23:03:00","date_gmt":"2014-02-06T22:03:00","guid":{"rendered":"http:\/\/obsnev.es\/?p=1006637"},"modified":"2014-02-06T23:03:00","modified_gmt":"2014-02-06T22:03:00","slug":"on-6637","status":"publish","type":"post","link":"https:\/\/obsnev.es\/en\/on-6637\/","title":{"rendered":"Jornadas: La gesti\u00f3n hist\u00f3rica del agua en zonas de alta monta\u00f1a"},"content":{"rendered":"<p>La Universidad de Granada, en colaboraci&oacute;n con el Parque Nacional de Sierra Nevada y el Centro Andaluz de Medio Ambiente han organizado unas actividades en torno a las acequias de recarga de acu&iacute;feros de alta monta&ntilde;a y acequias de regad&iacute;o.&nbsp;<\/p>\n<p>Las jornadas te&oacute;ricas servir&aacute;n para hacer una revisi&oacute;n de los conocimientos y actuaciones en Sierra Nevada y el contexto internacional. La primera jornada se centrar&aacute; en el papel de los sistemas de careo de Sierra Nevada, los &uacute;ltimos estudios llevados a cabo en ellas y medidas de protecci&oacute;n y conservaci&oacute;n. El segundo d&iacute;a contaremos con una peque&ntilde;a muestra de las investigaciones que se est&aacute;n realizando en sistemas de regad&iacute;o de monta&ntilde;a que existen en otras partes del mundo.<\/p>\n<p>&nbsp;<\/p>\n<p>Las jornadas ser&aacute;n el 10 y 11 de febrero en el Sal&oacute;n de Grados del Edificio Mecenas a las 9:30.&nbsp;<\/p>\n<p style=\"text-align: center;\"><img decoding=\"async\" alt=\"\" data-rich-file-id=\"102\" src=\"\/system\/images\/102\/medium\/cartel.jpg?1391720740\" \/><\/p>\n<p>El seminario se complementar&aacute; con una actividad pr&aacute;ctica en C&aacute;&ntilde;ar, que se realizar&aacute; del 14 de febrero al 16 de marzo, y consistir&aacute; en la recuperaci&oacute;n de una acequia en desuso con la ayuda de la comunidad de regantes local. El objetivo es restaurar una acequia abandonada (la acequia de Barjas) siguiendo los usos tradicionales, para evaluar la eficacia y servicios ecosist&eacute;micos prestados por la acequia.<\/p>\n<p>Dicha actividad est&aacute; dirigida a estudiantes universitarios de distintas disciplinas (Agroecolog&iacute;a, Ambientales, Antropolog&iacute;a, Historia, Ingenier&iacute;a&#8230;) y otras personas interesadas. Los participantes podr&aacute;n beneficiarse de los conocimientos y experiencias aportadas por la comunidad de regantes, t&eacute;cnicos agr&oacute;nomos y medioambientales, as&iacute; como investigadores especialistas de diversas disciplinas.<\/p>\n<p>Esta actividad se enmarca dentro del proyecto &ldquo;MEditerranean MOuntainous LAndscapes: an historical approach to cultural heritage based on traditional agrosystems&rdquo; (MEMOLA), financiado por el FP7 de la Comisi&oacute;n Europea. (FP7-SSH-2013-2). Responsable cient&iacute;fico: Dr. Jos&eacute; Mar&iacute;a Mart&iacute;n Civantos. Dpto. Historia Medieval y CCTTHH. Universidad de Granada.<\/p>\n<p>La actividad pr&aacute;ctica se realizar&aacute; del 14 de febrero al 16 de marzo, y consistir&aacute; en la recuperaci&oacute;n de una acequia en desuso en C&aacute;&ntilde;ar (Alpujarra, Granada) con la ayuda de la comunidad de regantes local. El objetivo es restaurar una acequia abandonada (la de Barjas) siguiendo los usos tradicionales, para evaluar su eficacia y lso servicios ecosist&eacute;micos prestados. En dicha actividad pretendemos que participen alumnos de distintas materias (Agroecolog&iacute;a, Ciencias Ambientales, Antropolog&iacute;a, Historia, Ingenier&iacute;a) y que entren en contacto con la comunidad de regantes, t&eacute;cnicos e investigadores especialistas de diversas disciplinas, que ser&aacute;n los encargados de transmitir sus conocimientos a los alumnos.<\/p>\n<p>Organizan: Proyecto Mediterranean Mountainous Landscapes (MEMOLA), Universidad de Granada, Centro Andaluz de Mediombiente (C.E.A.M.A), Sierra Nevada, Parque Nacional Natural, Centro UNESCO de Andaluc&iacute;a.<br \/>Patrocinan: Comisi&oacute;n Europea-FP7; Centro Andaluz de Mediombiente (C.E.A.M.A): Sierra Nevada Parque Nacional Natural.<br \/>Inscripci&oacute;n abierta.<br \/>Todas las personas interesadas en participar, contactar con: lara@unescoandalucia.org<\/p>\n<p>&nbsp;<\/p>\n<p>PROGRAMA<\/p>\n<p>Lunes 10 de febrero<\/p>\n<p>9:30 Inauguraci&oacute;n<\/p>\n<p>10:00 &quot;Programa de recuperaci&oacute;n y conservaci&oacute;n de las acequias tradicionales en el espacio natural protegido de Sierra Nevada. Inventario, obra y mantenimiento (2008-2010)&quot;. Eduardo Ortiz Moreno (Universidad de Granada) y M&ordf; Pilar Plaza Garc&iacute;a (Universidad de C&oacute;rdoba)<\/p>\n<p>10:45 &quot;Consideraciones sobre el funcionamiento de las aguas subterr&aacute;neas en Sierra Nevada. Implicaciones en la conservaci&oacute;n de ecosistemas, agricultura y paisaje&quot; Juan Carlos Rubio Campos, Crisanto Mart&iacute;n Monta&ntilde;&eacute;s y Sergio Martos Rosillo. (Instituto Geol&oacute;gico y Minero de Espa&ntilde;a)<\/p>\n<p>11:30 Descanso<\/p>\n<p>12:00 &quot;Funcionamiento h&iacute;drico de lagunas, borreguiles y dem&aacute;s manifestaciones de agua de la zona glacial de Sierra Nevada&quot; Antonio Castillo Mart&iacute;n (Instituto del Agua. Universidad de Granada)<\/p>\n<p>12:45 &quot;Variabilidad clim&aacute;tica, disponibilidad de agua y din&aacute;mica de la vegetaci&oacute;n en monta&ntilde;as mediterr&aacute;neas&quot; Regino Jes&uacute;s Zamora Rodr&iacute;guez (Centro Andaluz de Medio Ambiente)<\/p>\n<p>13:30 Debate<\/p>\n<p>16:00 &quot;Planificaci&oacute;n, normativa de usos y actividades en torno a las acequias tradicionales en el Espacio Natural de Sierra Nevada&quot; Javier S&aacute;nchez Guti&eacute;rrez (Parque Nacional y Parque Natural de Sierra Nevada)<\/p>\n<p>16:45 &quot;Bienes Comunes, Saberes y haceres en los agroecosistemas mediterr&aacute;neos&quot; Antonio Ortega Santos (Universidad de Granada)<\/p>\n<p>17:30 Descanso<\/p>\n<p>18:00 &quot;Aspectos antropol&oacute;gicos en la gesti&oacute;n del agua de riego en la cara Norte de Sierra Nevada: estrategias, normativas y costumbres locales de las comunidades de regantes&quot; Francisco Jos&eacute; Ruiz Ruiz (Antrop&oacute;logo)<\/p>\n<p>18:45 &quot;La vida en la sierra. Estudios y testimonios de sus pobladores&quot; Fernando Castell&oacute;n de la Hoz (Centro Unesco de andaluc&iacute;a)<\/p>\n<p>19:30 &quot;Gesti&oacute;n hist&oacute;rica del agua en Sierra Nevada. La creaci&oacute;n de los sistemas de careo y los riegos ligados a ellos&quot; Jos&eacute; M&ordf; Mart&iacute;n Civantos (Universidad de Granada)<\/p>\n<p>20:15 Debate<\/p>\n<p>Martes 11 de febrero<\/p>\n<p>9:30 &quot;Paisajes del agua del Nuevo Mundo: los oasis de la Baja California, M&eacute;xico&quot; Martha Micheline Cari&ntilde;o Olvera (Universidad Aut&oacute;noma de Baja California Sur. La Paz, M&eacute;xico)<\/p>\n<p>10:15 &quot;El proceso de desertizaci&oacute;n en la costa peruana, evidencias arqueol&oacute;gicas&quot; Jaime Deza Rivasplata (Universidad Alas Peruanas, Lima, Per&uacute;)<\/p>\n<p>11:00 &quot;Control y manejo del agua de riego en el Valle de Chicama (Per&uacute;) a lo largo del siglo XVII&quot; Roc&iacute;o Delibes Mateos (Universidad Pablo de Olavide, Sevilla)<\/p>\n<p>11:45 Descanso<\/p>\n<p>12:15 &quot;L&#39;aspect patrimonial de la gestion traditionelle de l&#39;eau en Haute montagne d&#39;Atlas&quot; Fatine Slaoui (Arquitecto paisajista)<\/p>\n<p>13:00 &quot;Les syst&egrave;mes communautaires d&#39;irrigation au Moyen Atlas (Maroc), entre abondance et raret&eacute;. Formes d&#39;adaptacion des modes de gestion de ressources en eau&quot; Lahssan Bekkari (Institut National de la Recherche Agronomique)<\/p>\n<p>13:45 Debate<\/p>\n<p><span style=\"font-weight:bold\">Autores:<\/span> P\u00e9rez-Luque, A.J.<\/p>","protected":false},"excerpt":{"rendered":"<p>La Universidad de Granada, en colaboraci&oacute;n con el Parque Nacional de Sierra Nevada y el Centro Andaluz de Medio Ambiente han organizado unas actividades en torno a las acequias de recarga de acu&iacute;feros de alta monta&ntilde;a y acequias de regad&iacute;o.&nbsp; Las jornadas te&oacute;ricas servir&aacute;n para hacer una revisi&oacute;n de los conocimientos y actuaciones en Sierra [&hellip;]<\/p>\n","protected":false},"author":37,"featured_media":1008434,"comment_status":"open","ping_status":"open","sticky":false,"template":"","format":"standard","meta":{"_acf_changed":false,"footnotes":""},"categories":[8],"tags":[77,168,10,94,49],"class_list":["post-1006637","post","type-post","status-publish","format-standard","has-post-thumbnail","hentry","category-canal-de-noticias","tag-acequias","tag-agua","tag-divulgacion","tag-jornadas","tag-sierra-nevada"],"acf":[],"aioseo_notices":[],"_links":{"self":[{"href":"https:\/\/obsnev.es\/en\/wp-json\/wp\/v2\/posts\/1006637","targetHints":{"allow":["GET"]}}],"collection":[{"href":"https:\/\/obsnev.es\/en\/wp-json\/wp\/v2\/posts"}],"about":[{"href":"https:\/\/obsnev.es\/en\/wp-json\/wp\/v2\/types\/post"}],"author":[{"embeddable":true,"href":"https:\/\/obsnev.es\/en\/wp-json\/wp\/v2\/users\/37"}],"replies":[{"embeddable":true,"href":"https:\/\/obsnev.es\/en\/wp-json\/wp\/v2\/comments?post=1006637"}],"version-history":[{"count":0,"href":"https:\/\/obsnev.es\/en\/wp-json\/wp\/v2\/posts\/1006637\/revisions"}],"wp:featuredmedia":[{"embeddable":true,"href":"https:\/\/obsnev.es\/en\/wp-json\/wp\/v2\/media\/1008434"}],"wp:attachment":[{"href":"https:\/\/obsnev.es\/en\/wp-json\/wp\/v2\/media?parent=1006637"}],"wp:term":[{"taxonomy":"category","embeddable":true,"href":"https:\/\/obsnev.es\/en\/wp-json\/wp\/v2\/categories?post=1006637"},{"taxonomy":"post_tag","embeddable":true,"href":"https:\/\/obsnev.es\/en\/wp-json\/wp\/v2\/tags?post=1006637"}],"curies":[{"name":"wp","href":"https:\/\/api.w.org\/{rel}","templated":true}]}}