{"id":1006648,"date":"2014-02-12T01:23:18","date_gmt":"2014-02-12T00:23:18","guid":{"rendered":"http:\/\/obsnev.es\/?p=1006648"},"modified":"2014-02-12T01:23:18","modified_gmt":"2014-02-12T00:23:18","slug":"on-6648","status":"publish","type":"post","link":"https:\/\/obsnev.es\/en\/on-6648\/","title":{"rendered":"La investigaci\u00f3n sobre ecolog\u00eda alpina en la Pen\u00ednsula Ib\u00e9rica"},"content":{"rendered":"<p>Durante el &uacute;ltimo <a href=\"http:\/\/www.aeet.org\/XI_Congreso_Nacional_de_la_AEET_186_p.htm\">congreso de la Asociaci&oacute;n Espa&ntilde;ola de Ecolog&iacute;a Terrestre<\/a>, que tuvo lugar en mayo de 2013 en Pamplona, se llev&oacute; a cabo una sesi&oacute;n sobre ecolog&iacute;a alpina. Los ecosistemas alpinos en la Pen&iacute;nsula Ib&eacute;rica se pueden considerar como islas que est&aacute;n aisladas geogr&aacute;ficamente, lo que hace que aumente el inter&eacute;s cient&iacute;fico y de conservaci&oacute;n por estos ecosistemas, porque, entre otros, proporcionan importantes servicios ecosist&eacute;micos, y est&aacute;n expuestos a diferentes factores de estr&eacute;s (clim&aacute;tico, pol&iacute;tico, econ&oacute;mico y sociocultural).<\/p>\n<p>Esta sesi&oacute;n sobre ecolog&iacute;a alpina ofreci&oacute; una excelente oportunidad para evaluar el estado de la investigaci&oacute;n sobre ecolog&iacute;a alpina en la Pen&iacute;nsula Ib&eacute;rica. Uno de los frutos de dicha sesi&oacute;n ha sido la publicaci&oacute;n en la revista <em>Mountain Research and Development<\/em> de un art&iacute;culo de revisi&oacute;n de la investigaci&oacute;n sobre ecolog&iacute;a alpina en la Pen&iacute;nsula Ib&eacute;rica. Con el t&iacute;tulo <a href=\"http:\/\/www.bioone.org\/doi\/full\/10.1659\/MRD-JOURNAL-D-13-00052.1\"><em>Alpine ecology in the Iberian Peninsula: what do we know, and what do we need to learn?<\/em><\/a> los 17 investigadores que lo firman, entre ellos el profesor Regino Zamora coordinador cient&iacute;fico del Observatorio de Cambio Global, realizan un an&aacute;lisis de la investigaci&oacute;n sobre ecolog&iacute;a alpina identificando las lagunas de conocimiento existentes existentes, y apuntan las posibles direcciones a tener en cuenta para la investigaci&oacute;n en este &aacute;rea de conocimiento.<\/p>\n<p>El n&uacute;mero de investigaciones sobre ecolog&iacute;a alpina en la Pen&iacute;nsula Ib&eacute;rica ha aumentado en las &uacute;ltimas d&eacute;cadas, siendo los Pirineos la zona donde mas investigaci&oacute;n se ha realizado. Sierra Nevada es la tercera &aacute;rea monta&ntilde;osa donde mas investigaci&oacute;n alpina se ha realizado.<\/p>\n<p>&nbsp;<\/p>\n<p style=\"text-align: center;\"><img decoding=\"async\" alt=\"\" data-rich-file-id=\"105\" src=\"\/system\/images\/105\/original\/iberian-20publications.jpeg?1392160436\" \/><\/p>\n<p>El Observatorio de Cambio Global aparece en el trabajo como un ejemplo de una iniciativa donde se lleva a cabo una integraci&oacute;n de la investigaci&oacute;n ecol&oacute;gica y social en sistemas monta&ntilde;osos. Asimismo se cita como buen ejemplo de la colaboraci&oacute;n entre los diferentes actores (gestores, investigadores y pol&iacute;ticos) para llevar a cabo medidas de gesti&oacute;n activa y adpatativa de los recursos naturales.<\/p>\n<p>Uno de los apartados mas interesantes del art&iacute;culo es el establecimiento de las 4 principales de l&iacute;neas para la investigaci&oacute;n futura en ecolog&iacute;a alpina:<\/p>\n<ul>\n<li>Identificaci&oacute;n de los motores de cambio<\/li>\n<li>Analizar la respuesta de individuos, poblaciones y ecosistemas a cambios externos<\/li>\n<li>Desarrollar programas de monitoreo a gran escala<\/li>\n<li>Implementar medidas de gesti&oacute;n adaptativa.<\/li>\n<\/ul>\n<p>&nbsp;<\/p>\n<p>Mas informaci&oacute;n sobre el art&iacute;culo:&nbsp;<\/p>\n<p>Barrio, I.C.; Bueno, C.G.; Nagy, L.; Palacio, S.; Grau, O.; Munilla, I.; Garc&iacute;a, M.B.; Garcia-Cervig&oacute;n, A.I.; Gartzia, M.; Gazol, A.; Lara-Romero, C.; Anadon-Rosell, A.; Ninot, J.M.; Chocarro, C.; Alados, C.L.; Fillat, F.; Zamora. R. (2013). <em>Alpine Ecology in the Iberian Peninsula: What Do We Know, and What Do We Need to Learn?<\/em>. Mountain Research and Development, 33(4): 437-442. <a href=\"http:\/\/dx.doi.org\/10.1659\/MRD-JOURNAL-D-13-00052.1\">http:\/\/dx.doi.org\/10.1659\/MRD-JOURNAL-D-13-00052.1<\/a>&nbsp;Ver art&iacute;culo en <a href=\"http:\/\/refbase.iecolab.es\/show.php?record=2725\">Refbase<\/a><\/p>\n<p><span style=\"font-weight:bold\">Autores:<\/span> P\u00e9rez-Luque, A.J.<\/p>","protected":false},"excerpt":{"rendered":"<p>Durante el &uacute;ltimo congreso de la Asociaci&oacute;n Espa&ntilde;ola de Ecolog&iacute;a Terrestre, que tuvo lugar en mayo de 2013 en Pamplona, se llev&oacute; a cabo una sesi&oacute;n sobre ecolog&iacute;a alpina. Los ecosistemas alpinos en la Pen&iacute;nsula Ib&eacute;rica se pueden considerar como islas que est&aacute;n aisladas geogr&aacute;ficamente, lo que hace que aumente el inter&eacute;s cient&iacute;fico y de [&hellip;]<\/p>\n","protected":false},"author":37,"featured_media":1008433,"comment_status":"open","ping_status":"open","sticky":false,"template":"","format":"standard","meta":{"_acf_changed":false,"footnotes":""},"categories":[8],"tags":[],"class_list":["post-1006648","post","type-post","status-publish","format-standard","has-post-thumbnail","hentry","category-canal-de-noticias"],"acf":[],"aioseo_notices":[],"_links":{"self":[{"href":"https:\/\/obsnev.es\/en\/wp-json\/wp\/v2\/posts\/1006648","targetHints":{"allow":["GET"]}}],"collection":[{"href":"https:\/\/obsnev.es\/en\/wp-json\/wp\/v2\/posts"}],"about":[{"href":"https:\/\/obsnev.es\/en\/wp-json\/wp\/v2\/types\/post"}],"author":[{"embeddable":true,"href":"https:\/\/obsnev.es\/en\/wp-json\/wp\/v2\/users\/37"}],"replies":[{"embeddable":true,"href":"https:\/\/obsnev.es\/en\/wp-json\/wp\/v2\/comments?post=1006648"}],"version-history":[{"count":0,"href":"https:\/\/obsnev.es\/en\/wp-json\/wp\/v2\/posts\/1006648\/revisions"}],"wp:featuredmedia":[{"embeddable":true,"href":"https:\/\/obsnev.es\/en\/wp-json\/wp\/v2\/media\/1008433"}],"wp:attachment":[{"href":"https:\/\/obsnev.es\/en\/wp-json\/wp\/v2\/media?parent=1006648"}],"wp:term":[{"taxonomy":"category","embeddable":true,"href":"https:\/\/obsnev.es\/en\/wp-json\/wp\/v2\/categories?post=1006648"},{"taxonomy":"post_tag","embeddable":true,"href":"https:\/\/obsnev.es\/en\/wp-json\/wp\/v2\/tags?post=1006648"}],"curies":[{"name":"wp","href":"https:\/\/api.w.org\/{rel}","templated":true}]}}