{"id":1006747,"date":"2014-02-21T12:02:00","date_gmt":"2014-02-21T11:02:00","guid":{"rendered":"http:\/\/obsnev.es\/?p=1006747"},"modified":"2014-02-21T12:02:00","modified_gmt":"2014-02-21T11:02:00","slug":"on-6747","status":"publish","type":"post","link":"https:\/\/obsnev.es\/en\/on-6747\/","title":{"rendered":"Participaci\u00f3n del Observatorio en el Libro Conservar Aprovechando: C\u00f3mo integrar el cambio global en la gesti\u00f3n de los montes espa\u00f1oles"},"content":{"rendered":"<p>El proyecto MONTES liderado por el <a href=\"http:\/\/www.creaf.uab.es\/\">CREAF<\/a> y participado por otras trece instituciones ha tenido como objetivo entender c&oacute;mo los cambios del clima, de la composici&oacute;n atmosf&eacute;rica, del uso del suelo y del r&eacute;gimen de incendios, est&aacute;n afectando los montes mediterr&aacute;neos.&nbsp;<\/p>\n<p>Varios han sido los estudios que se han llevado a cabo durante los mas de 4 a&ntilde;os que ha durado el proyecto. Los expertos y cient&iacute;ficos han querido ir m&aacute;s all&aacute; de la ineludible investigaci&oacute;n y han revisado y reformulado diferentes opciones de gesti&oacute;n forestal para adaptar los montes a estos cambios de dimensi&oacute;n global.<\/p>\n<p>Uno de los resultados ha sido un conjunto de propuestas de gesti&oacute;n forestal presentadas en el libro &ldquo;<a href=\"http:\/\/www.creaf.uab.es\/montes\/Conservar_Aprovechando_WEB.pdf\"><em>Conservar Aprovechando: c&oacute;mo integrar el cambio global en la gesti&oacute;n de los montes espa&ntilde;oles<\/em><\/a>&ldquo;. Este libro es fruto de la colaboraci&oacute;n de un gran n&uacute;mero de cient&iacute;ficos del equipo amplio y plural de investigadores que ha desarrollado durante cuatro a&ntilde;os el proyecto MONTES-Consolider (CSD2008-00040), financiado por el Ministerio de Econom&iacute;a y Competitividad.<\/p>\n<p>Este documento pretende ser una herramienta &uacute;til para integrar el efecto del cambio global dentro de la gesti&oacute;n de nuestros montes, teniendo en cuenta que &eacute;stos deben ser gestionados tanto por su conservaci&oacute;n como para su aprovechamiento.&nbsp;<\/p>\n<p style=\"text-align: center;\"><img decoding=\"async\" alt=\"\" data-rich-file-id=\"106\" src=\"\/system\/images\/106\/original\/screen-20shot-202014-02-21-20at-2011-08-10-20am.png?1392976873\" \/><\/p>\n<p>Varios trabajos dentro del libro corresponden a estudios llevados a cabo en Sierra Nevada y asociados al Observatorio de Cambio Global de Sierra Nevada. Entre ellos encontramos:&nbsp;<\/p>\n<ul>\n<li><em>Naturalizaci&oacute;n de pinares de repoblaci&oacute;n: la biodiversidad ante el cambio global<\/em><\/li>\n<li><em>Expansi&oacute;n de pat&oacute;genos por cambios en el clima y el uso del suelo: efectos de la procesionaria del pino en el paisaje<\/em><\/li>\n<li><em>Efecto de la saca de la madera quemada sobre el balance de C y la restauraci&oacute;n post-incendio<\/em><\/li>\n<li><em>Cambios en los usos del suelo y fragmentaci&oacute;n<\/em><\/li>\n<\/ul>\n<p>El libro puede descargarse desde este e<a href=\"http:\/\/www.creaf.uab.es\/montes\/Conservar_Aprovechando_WEB.pdf\">nlace<\/a>, o consultarse <a href=\"http:\/\/issuu.com\/creaf_ecologia\/docs\/conservar_aprovechando_web\">online<\/a>. Tambi&eacute;n est&aacute; integrado dentro del <a href=\"http:\/\/refbase.iecolab.es\/show.php?record=2530\">gestor de bibliograf&iacute;a<\/a> del Observatorio de Cambio Global.&nbsp;<\/p>\n<p>&nbsp;<\/p>\n<div class=\"media_embed\" style=\"text-align: center;\"><iframe allowfullscreen=\"\" frameborder=\"0\" height=\"287\" src=\"\/\/e.issuu.com\/embed.html#0\/5855767\" width=\"700\"><\/iframe><\/div>\n<p>&nbsp;<\/p>\n<p><span style=\"font-weight:bold\">Autores:<\/span> P\u00e9rez-Luque, A.J.<\/p>","protected":false},"excerpt":{"rendered":"<p>El proyecto MONTES liderado por el CREAF y participado por otras trece instituciones ha tenido como objetivo entender c&oacute;mo los cambios del clima, de la composici&oacute;n atmosf&eacute;rica, del uso del suelo y del r&eacute;gimen de incendios, est&aacute;n afectando los montes mediterr&aacute;neos.&nbsp; Varios han sido los estudios que se han llevado a cabo durante los mas [&hellip;]<\/p>\n","protected":false},"author":37,"featured_media":40,"comment_status":"open","ping_status":"open","sticky":false,"template":"","format":"standard","meta":{"_acf_changed":false,"footnotes":""},"categories":[8],"tags":[18,10,70,169,170],"class_list":["post-1006747","post","type-post","status-publish","format-standard","has-post-thumbnail","hentry","category-canal-de-noticias","tag-cambio-global","tag-divulgacion","tag-investigacion","tag-libros","tag-montes"],"acf":[],"aioseo_notices":[],"_links":{"self":[{"href":"https:\/\/obsnev.es\/en\/wp-json\/wp\/v2\/posts\/1006747","targetHints":{"allow":["GET"]}}],"collection":[{"href":"https:\/\/obsnev.es\/en\/wp-json\/wp\/v2\/posts"}],"about":[{"href":"https:\/\/obsnev.es\/en\/wp-json\/wp\/v2\/types\/post"}],"author":[{"embeddable":true,"href":"https:\/\/obsnev.es\/en\/wp-json\/wp\/v2\/users\/37"}],"replies":[{"embeddable":true,"href":"https:\/\/obsnev.es\/en\/wp-json\/wp\/v2\/comments?post=1006747"}],"version-history":[{"count":0,"href":"https:\/\/obsnev.es\/en\/wp-json\/wp\/v2\/posts\/1006747\/revisions"}],"wp:featuredmedia":[{"embeddable":true,"href":"https:\/\/obsnev.es\/en\/wp-json\/"}],"wp:attachment":[{"href":"https:\/\/obsnev.es\/en\/wp-json\/wp\/v2\/media?parent=1006747"}],"wp:term":[{"taxonomy":"category","embeddable":true,"href":"https:\/\/obsnev.es\/en\/wp-json\/wp\/v2\/categories?post=1006747"},{"taxonomy":"post_tag","embeddable":true,"href":"https:\/\/obsnev.es\/en\/wp-json\/wp\/v2\/tags?post=1006747"}],"curies":[{"name":"wp","href":"https:\/\/api.w.org\/{rel}","templated":true}]}}