{"id":1006832,"date":"2014-03-11T12:13:00","date_gmt":"2014-03-11T10:13:00","guid":{"rendered":"http:\/\/obsnev.es\/?p=1006832"},"modified":"2014-03-11T12:13:00","modified_gmt":"2014-03-11T10:13:00","slug":"on-6832","status":"publish","type":"post","link":"https:\/\/obsnev.es\/en\/on-6832\/","title":{"rendered":"Presentaci\u00f3n del libro: \u00abLos insectos de Sierra Nevada: 200 a\u00f1os de historia\u00bb"},"content":{"rendered":"<p>El viernes 14 de marzo a las 10:00 horas en la Sede de la Delegaci\u00f3n del Gobierno de la Junta de Andaluc\u00eda (Calle Gran v\u00eda, n\u00ba.: 54; Edificio \u00abLa Normal\u00bb) se presentar\u00e1 el libro: \u00abLos insectos de Sierra Nevada: 200 a\u00f1os de historia\u00bb<\/p>\n<p><span style=\"font-weight: bold;\">Autores:<\/span> Jos\u00e9 Miguel Barea Azc\u00f3n<\/p>","protected":false},"excerpt":{"rendered":"<p>El viernes 14 de marzo a las 10:00 horas en la Sede de la Delegaci\u00f3n del Gobierno de la Junta de Andaluc\u00eda (Calle Gran v\u00eda, n\u00ba.: 54; Edificio \u00abLa Normal\u00bb) se presentar\u00e1 el libro: \u00abLos insectos de Sierra Nevada: 200 a\u00f1os de historia\u00bb Autores: Jos\u00e9 Miguel Barea Azc\u00f3n<\/p>","protected":false},"author":1,"featured_media":1008431,"comment_status":"open","ping_status":"open","sticky":false,"template":"","format":"standard","meta":{"_acf_changed":false,"footnotes":""},"categories":[8],"tags":[],"class_list":["post-1006832","post","type-post","status-publish","format-standard","has-post-thumbnail","hentry","category-canal-de-noticias"],"acf":[],"aioseo_notices":[],"_links":{"self":[{"href":"https:\/\/obsnev.es\/en\/wp-json\/wp\/v2\/posts\/1006832","targetHints":{"allow":["GET"]}}],"collection":[{"href":"https:\/\/obsnev.es\/en\/wp-json\/wp\/v2\/posts"}],"about":[{"href":"https:\/\/obsnev.es\/en\/wp-json\/wp\/v2\/types\/post"}],"author":[{"embeddable":true,"href":"https:\/\/obsnev.es\/en\/wp-json\/wp\/v2\/users\/1"}],"replies":[{"embeddable":true,"href":"https:\/\/obsnev.es\/en\/wp-json\/wp\/v2\/comments?post=1006832"}],"version-history":[{"count":0,"href":"https:\/\/obsnev.es\/en\/wp-json\/wp\/v2\/posts\/1006832\/revisions"}],"wp:featuredmedia":[{"embeddable":true,"href":"https:\/\/obsnev.es\/en\/wp-json\/wp\/v2\/media\/1008431"}],"wp:attachment":[{"href":"https:\/\/obsnev.es\/en\/wp-json\/wp\/v2\/media?parent=1006832"}],"wp:term":[{"taxonomy":"category","embeddable":true,"href":"https:\/\/obsnev.es\/en\/wp-json\/wp\/v2\/categories?post=1006832"},{"taxonomy":"post_tag","embeddable":true,"href":"https:\/\/obsnev.es\/en\/wp-json\/wp\/v2\/tags?post=1006832"}],"curies":[{"name":"wp","href":"https:\/\/api.w.org\/{rel}","templated":true}]}}