{"id":1007847,"date":"2015-07-24T14:03:00","date_gmt":"2015-07-24T12:03:00","guid":{"rendered":"http:\/\/obsnev.es\/?p=1007847"},"modified":"2015-07-24T14:03:00","modified_gmt":"2015-07-24T12:03:00","slug":"on-7847","status":"publish","type":"post","link":"https:\/\/obsnev.es\/en\/on-7847\/","title":{"rendered":"El bienestar de los municipios del Espacio Protegido de Sierra Nevada ha aumentado desde 1989"},"content":{"rendered":"<p>Para llevar a cabo una evaluaci\u00f3n de los servicios de los ecosistemas en Sierra Nevada, se\u00a0realiz\u00f3 un taller participativo con gestores e investigadores\u00a0asociados al Espacio Natural de Sierra Nevada (ENSN), para evaluar las percepciones de los participantes sobre la evoluci\u00f3n temporal de los servicios\u00a0de los ecosistemas y su distribuci\u00f3n espacial (incluyendo el suministro y la demanda de servicios). Los resultados muestran que determinados servicios\u00a0de los ecosistemas como el control de la erosi\u00f3n o los valores est\u00e9ticos est\u00e1n disminuyendo, mientras que otros, como el turismo de naturaleza y rural\u00a0y el conocimiento cient\u00edfico, aumentan. Los servicios son generados principalmente por los ecosistemas protegidos del ENSN, especialmente la zona\u00a0de cumbres, mientras que los beneficiarios de los mismos se encuentran principalmente fuera de los l\u00edmites del ENSN, en Granada y otras poblaciones\u00a0cercanas.<\/p>\n<p><img fetchpriority=\"high\" decoding=\"async\" src=\"https:\/\/obsnev.es\/wp-content\/uploads\/2015\/07\/Setas-1024x1002.jpg\" alt=\"\" width=\"750\" height=\"734\" class=\"aligncenter wp-image-1008008 size-large\" srcset=\"https:\/\/obsnev.es\/wp-content\/uploads\/2015\/07\/Setas-1024x1002.jpg 1024w, https:\/\/obsnev.es\/wp-content\/uploads\/2015\/07\/Setas-300x293.jpg 300w, https:\/\/obsnev.es\/wp-content\/uploads\/2015\/07\/Setas-768x751.jpg 768w, https:\/\/obsnev.es\/wp-content\/uploads\/2015\/07\/Setas-1536x1502.jpg 1536w, https:\/\/obsnev.es\/wp-content\/uploads\/2015\/07\/Setas-12x12.jpg 12w, https:\/\/obsnev.es\/wp-content\/uploads\/2015\/07\/Setas.jpg 2048w\" sizes=\"(max-width: 750px) 100vw, 750px\" \/><\/p>\n<p>Por otro lado, se llev\u00f3 a cabo una caracterizaci\u00f3n del bienestar en los municipios del Espacio Natural de Sierra Nevada. Para ello se ha recopil\u00f3 informaci\u00f3n de 22 indicadores socioecon\u00f3micos pertenecientes a ocho dimensiones del bienestar. Se ha realizado un an\u00e1lisis diacr\u00f3nico entre dos momentos temporales: antes de la creaci\u00f3n del espacio natural y tras 20 a\u00f1os. Los resultados ponen de manifiesto que el bienestar ha \u00a0aumentado en los municipios del Espacio Natural de Sierra Nevada entre 1989 y 2009. Comparaciones con otros trabajos revelan c\u00f3mo el aumento del bienestar es mayor en aquellos municipios pertenecientes a \u00e1reas protegidas.<\/p>\n<p><span style=\"font-weight: bold;\">Autores:<\/span> Ricardo Moreno Llorca<\/p>","protected":false},"excerpt":{"rendered":"<p>Para llevar a cabo una evaluaci\u00f3n de los servicios de los ecosistemas en Sierra Nevada, se\u00a0realiz\u00f3 un taller participativo con gestores e investigadores\u00a0asociados al Espacio Natural de Sierra Nevada (ENSN), para evaluar las percepciones de los participantes sobre la evoluci\u00f3n temporal de los servicios\u00a0de los ecosistemas y su distribuci\u00f3n espacial (incluyendo el suministro y la [&hellip;]<\/p>\n","protected":false},"author":1,"featured_media":1008008,"comment_status":"open","ping_status":"open","sticky":false,"template":"","format":"standard","meta":{"_acf_changed":false,"footnotes":""},"categories":[8],"tags":[198,199,187,200,152,89,49,90],"class_list":["post-1007847","post","type-post","status-publish","format-standard","has-post-thumbnail","hentry","category-canal-de-noticias","tag-areas-protegidas","tag-bienestar","tag-dossier-de-resultados","tag-indicadores-socioeconomicos","tag-observatorio-de-cambio-global","tag-servicios-ecosistemicos","tag-sierra-nevada","tag-socioeconomia"],"acf":[],"aioseo_notices":[],"_links":{"self":[{"href":"https:\/\/obsnev.es\/en\/wp-json\/wp\/v2\/posts\/1007847","targetHints":{"allow":["GET"]}}],"collection":[{"href":"https:\/\/obsnev.es\/en\/wp-json\/wp\/v2\/posts"}],"about":[{"href":"https:\/\/obsnev.es\/en\/wp-json\/wp\/v2\/types\/post"}],"author":[{"embeddable":true,"href":"https:\/\/obsnev.es\/en\/wp-json\/wp\/v2\/users\/1"}],"replies":[{"embeddable":true,"href":"https:\/\/obsnev.es\/en\/wp-json\/wp\/v2\/comments?post=1007847"}],"version-history":[{"count":0,"href":"https:\/\/obsnev.es\/en\/wp-json\/wp\/v2\/posts\/1007847\/revisions"}],"wp:featuredmedia":[{"embeddable":true,"href":"https:\/\/obsnev.es\/en\/wp-json\/wp\/v2\/media\/1008008"}],"wp:attachment":[{"href":"https:\/\/obsnev.es\/en\/wp-json\/wp\/v2\/media?parent=1007847"}],"wp:term":[{"taxonomy":"category","embeddable":true,"href":"https:\/\/obsnev.es\/en\/wp-json\/wp\/v2\/categories?post=1007847"},{"taxonomy":"post_tag","embeddable":true,"href":"https:\/\/obsnev.es\/en\/wp-json\/wp\/v2\/tags?post=1007847"}],"curies":[{"name":"wp","href":"https:\/\/api.w.org\/{rel}","templated":true}]}}