{"id":1007848,"date":"2015-07-24T16:06:00","date_gmt":"2015-07-24T14:06:00","guid":{"rendered":"http:\/\/obsnev.es\/?p=1007848"},"modified":"2015-07-24T16:06:00","modified_gmt":"2015-07-24T14:06:00","slug":"on-7848","status":"publish","type":"post","link":"https:\/\/obsnev.es\/en\/on-7848\/","title":{"rendered":"Sierra Nevada: observando el Cambio Global a escala planetaria"},"content":{"rendered":"<p><img fetchpriority=\"high\" decoding=\"async\" src=\"https:\/\/obsnev.es\/wp-content\/uploads\/2015\/07\/cap10.png\" alt=\"\" width=\"778\" height=\"911\" class=\"aligncenter wp-image-1008017 size-full\" srcset=\"https:\/\/obsnev.es\/wp-content\/uploads\/2015\/07\/cap10.png 778w, https:\/\/obsnev.es\/wp-content\/uploads\/2015\/07\/cap10-256x300.png 256w, https:\/\/obsnev.es\/wp-content\/uploads\/2015\/07\/cap10-768x899.png 768w, https:\/\/obsnev.es\/wp-content\/uploads\/2015\/07\/cap10-10x12.png 10w\" sizes=\"(max-width: 778px) 100vw, 778px\" \/><\/p>\n<p>Dentro del \u00a0seguimiento de la radiaci\u00f3n electromagn\u00e9tica, las resonancias de Schumann (RS) act\u00faan\u00a0como un term\u00f3metro global de la Tierra y pueden\u00a0aportar datos sobre el cambio clim\u00e1tico global. \u00a0La RS presenta variaci\u00f3n diurna, estival y anual que es posible detectarlas a trav\u00e9s de las medidas efectuadas con la estaci\u00f3n. Estos datos contribuir\u00e1n al estudio de la incidencia de tormentas solares y precursores s\u00edsmicos sobre la ionosfera a trav\u00e9s de variaciones estad\u00edsticas de las frecuencias de resonancia e incrementos no regulares de la amplitud a frecuencias de d\u00e9cimas de hercio. En este sentido, las variaciones medidas en las resonancias de Schumann a trav\u00e9s de m\u00faltiples estaciones distribuidas en diferentes puntos de la Tierra podr\u00edan servir para la predicci\u00f3n de terremotos con antelaci\u00f3n de d\u00edas o semanas.<\/p>\n<p>Por otro lado, el estudio de los contaminantes constata la gran diferencia en los niveles de contaminaci\u00f3n entre el Espacio Natural de Sierra Nevada y la aglomeraci\u00f3n urbana de Granada, sobre todo en las concentraciones de SO2 y NO2. Tras una evaluaci\u00f3n de la evoluci\u00f3n temporal se detecta una disminuci\u00f3n de la concentraci\u00f3n de NH3 y O3 y un aumento de SO2 y NO2 de los contaminantes en Sierra Nevada. A\u00fan no se disponen de datos suficientes para hacer una previsi\u00f3n fiable de la evoluci\u00f3n futura, aunque la mayor\u00eda parece tener un comportamiento estacionario con una ligera tendencia a disminuir en la actualidad.<\/p>\n<p>Por \u00faltimo, la deposici\u00f3n de aerosoles (polvo) atmosf\u00e9ricos es una variable clim\u00e1tica que no se ha tenido en cuenta hasta muy recientemente. Por tanto, el papel\u00a0que juegan las deposiciones atmosf\u00e9ricas sobre la biogeoqu\u00edmica de los ecosistemas mediterr\u00e1neos no ha sido suficientemente estudiado, aunque\u00a0los datos que se van obteniendo indican que el material particulado atmosf\u00e9rico, y en particular el polvo que proviene del Sahara, representa una de\u00a0las principales entradas de nutrientes y elementos traza, entre otros componentes, a los ecosistemas del \u00e1rea mediterr\u00e1nea. En concreto, este estudio\u00a0monitoriza la deposici\u00f3n de aerosoles en Sierra Nevada en el contexto del Mediterr\u00e1neo occidental y en conexi\u00f3n con el cambio clim\u00e1tico global.<\/p>\n<p><span style=\"font-weight: bold;\">Autores:<\/span> Ricardo Moreno Llorca<\/p>","protected":false},"excerpt":{"rendered":"<p>Dentro del \u00a0seguimiento de la radiaci\u00f3n electromagn\u00e9tica, las resonancias de Schumann (RS) act\u00faan\u00a0como un term\u00f3metro global de la Tierra y pueden\u00a0aportar datos sobre el cambio clim\u00e1tico global. \u00a0La RS presenta variaci\u00f3n diurna, estival y anual que es posible detectarlas a trav\u00e9s de las medidas efectuadas con la estaci\u00f3n. Estos datos contribuir\u00e1n al estudio de la [&hellip;]<\/p>\n","protected":false},"author":1,"featured_media":41,"comment_status":"open","ping_status":"open","sticky":false,"template":"","format":"standard","meta":{"_acf_changed":false,"footnotes":""},"categories":[8],"tags":[201,202,203,204,187,152,49],"class_list":["post-1007848","post","type-post","status-publish","format-standard","has-post-thumbnail","hentry","category-canal-de-noticias","tag-actividad-tormentosa","tag-aerosoles","tag-contaminantes-atmosfericos","tag-deposicion-atmosferica","tag-dossier-de-resultados","tag-observatorio-de-cambio-global","tag-sierra-nevada"],"acf":[],"aioseo_notices":[],"_links":{"self":[{"href":"https:\/\/obsnev.es\/en\/wp-json\/wp\/v2\/posts\/1007848","targetHints":{"allow":["GET"]}}],"collection":[{"href":"https:\/\/obsnev.es\/en\/wp-json\/wp\/v2\/posts"}],"about":[{"href":"https:\/\/obsnev.es\/en\/wp-json\/wp\/v2\/types\/post"}],"author":[{"embeddable":true,"href":"https:\/\/obsnev.es\/en\/wp-json\/wp\/v2\/users\/1"}],"replies":[{"embeddable":true,"href":"https:\/\/obsnev.es\/en\/wp-json\/wp\/v2\/comments?post=1007848"}],"version-history":[{"count":0,"href":"https:\/\/obsnev.es\/en\/wp-json\/wp\/v2\/posts\/1007848\/revisions"}],"wp:featuredmedia":[{"embeddable":true,"href":"https:\/\/obsnev.es\/en\/wp-json\/wp\/v2\/elementor_library\/41"}],"wp:attachment":[{"href":"https:\/\/obsnev.es\/en\/wp-json\/wp\/v2\/media?parent=1007848"}],"wp:term":[{"taxonomy":"category","embeddable":true,"href":"https:\/\/obsnev.es\/en\/wp-json\/wp\/v2\/categories?post=1007848"},{"taxonomy":"post_tag","embeddable":true,"href":"https:\/\/obsnev.es\/en\/wp-json\/wp\/v2\/tags?post=1007848"}],"curies":[{"name":"wp","href":"https:\/\/api.w.org\/{rel}","templated":true}]}}