{"id":1007849,"date":"2015-08-10T14:00:00","date_gmt":"2015-08-10T12:00:00","guid":{"rendered":"http:\/\/obsnev.es\/?p=1007849"},"modified":"2015-08-10T14:00:00","modified_gmt":"2015-08-10T12:00:00","slug":"on-7849","status":"publish","type":"post","link":"https:\/\/obsnev.es\/en\/on-7849\/","title":{"rendered":"Tendencias del clima pasado y predicciones al futuro: resultados preliminares"},"content":{"rendered":"<p><img fetchpriority=\"high\" decoding=\"async\" src=\"https:\/\/obsnev.es\/wp-content\/uploads\/2015\/08\/Captura_de_pantalla_2015-07-24_a_las_12.56.58_PM-1024x541.png\" alt=\"\" width=\"750\" height=\"396\" class=\"wp-image-1007998 size-large aligncenter\" srcset=\"https:\/\/obsnev.es\/wp-content\/uploads\/2015\/08\/Captura_de_pantalla_2015-07-24_a_las_12.56.58_PM-1024x541.png 1024w, https:\/\/obsnev.es\/wp-content\/uploads\/2015\/08\/Captura_de_pantalla_2015-07-24_a_las_12.56.58_PM-300x159.png 300w, https:\/\/obsnev.es\/wp-content\/uploads\/2015\/08\/Captura_de_pantalla_2015-07-24_a_las_12.56.58_PM-768x406.png 768w, https:\/\/obsnev.es\/wp-content\/uploads\/2015\/08\/Captura_de_pantalla_2015-07-24_a_las_12.56.58_PM-1536x812.png 1536w, https:\/\/obsnev.es\/wp-content\/uploads\/2015\/08\/Captura_de_pantalla_2015-07-24_a_las_12.56.58_PM-18x10.png 18w, https:\/\/obsnev.es\/wp-content\/uploads\/2015\/08\/Captura_de_pantalla_2015-07-24_a_las_12.56.58_PM.png 1752w\" sizes=\"(max-width: 750px) 100vw, 750px\" \/><\/p>\n<p>El estudio y el an\u00e1lisis de las variables clim\u00e1ticas es clave para entender el funcionamiento de los ecosistemas, sus mecanismos de provisi\u00f3n de servicios y los cambios provocados por la actividad humana. A partir de los datos recogidos por estaciones meteorol\u00f3gicas y datos preexistentes, ha sido posible generar mapas anuales de alta resoluci\u00f3n (p\u00edxeles de 100 m) de la temperatura m\u00e1xima y m\u00ednima y de la precipitaci\u00f3n para la serie temporal que va desde 1960 hasta 2010.<\/p>\n<p>En el Cap\u00edtulo 1 del Dossier de Resultados del OBSNEV se describen los resultados del an\u00e1lisis de estos datos. Se ha observado una tendencia hacia la reducci\u00f3n de la precipitaci\u00f3n en casi toda Sierra Nevada (el 99,8% de los p\u00edxeles presentan una tendencia negativa). Esta tendencia se hace m\u00e1s intensa conforme se asciende en altitud. Adem\u00e1s, esta tendencia es m\u00e1s acusada en la zona occidental de Sierra Nevada. En cuanto a la temperatura m\u00e1xima, se ha observado una tendencia hacia al aumento en la mayor parte de Sierra Nevada y al igual que ocurre con la precipitaci\u00f3n, esta tendencia es m\u00e1s intensa en cotas altas.<\/p>\n<p>Adem\u00e1s, considerando los diferentes escenarios de emisiones propuestos por El Grupo Intergubernamental de Expertos sobre el Cambio Clim\u00e1tico (IPCC), se han generado mapas de las mismas variables para todo el siglo XXI. Estos mapas han permitido realizar algunos an\u00e1lisis preliminares que caracterizan algunas posibles tendencias de cambio.<\/p>\n<p>Las series temporales de los datos simulados de temperatura y precipitaci\u00f3n para el siglo XXI, predicen un aumento intenso de la media anual de las temperaturas m\u00e1ximas (entre 2 y 6\u00b0C) y otra menos intensa en la media anual de las temperaturas m\u00ednimas (entre 1\u00b0C y 4\u00b0C) seg\u00fan el modelo y el escenario de cambio global utilizados. Por \u00faltimo se predice un descenso de las precipitaciones. La comparaci\u00f3n de los datos clim\u00e1ticos reales recogidos por las estaciones multiparam\u00e9tricas de Sierra Nevada con los valores simulados para el periodo 2011-2013 muestra una alta correlaci\u00f3n. Esto indica que, al menos en los a\u00f1os analizados, se est\u00e1n cumpliendo en buena medida las predicciones de los escenarios de clima futuro.<\/p>\n<p>En el cap\u00edtulo completo se describen detalles como la magnitud de las tendencias encontradas, as\u00ed como los factores que pueden influir en los resultados obtenidos.<\/p>\n<p><span style=\"font-weight: bold;\">Autores:<\/span> Lola \u00c1lvarez Ruiz<\/p>","protected":false},"excerpt":{"rendered":"<p>El estudio y el an\u00e1lisis de las variables clim\u00e1ticas es clave para entender el funcionamiento de los ecosistemas, sus mecanismos de provisi\u00f3n de servicios y los cambios provocados por la actividad humana. A partir de los datos recogidos por estaciones meteorol\u00f3gicas y datos preexistentes, ha sido posible generar mapas anuales de alta resoluci\u00f3n (p\u00edxeles de [&hellip;]<\/p>\n","protected":false},"author":37,"featured_media":34,"comment_status":"open","ping_status":"open","sticky":false,"template":"","format":"standard","meta":{"_acf_changed":false,"footnotes":""},"categories":[8],"tags":[22,187,152,49,205,206],"class_list":["post-1007849","post","type-post","status-publish","format-standard","has-post-thumbnail","hentry","category-canal-de-noticias","tag-clima","tag-dossier-de-resultados","tag-observatorio-de-cambio-global","tag-sierra-nevada","tag-tendencia-precipitacion","tag-tendencia-temperaturas"],"acf":[],"aioseo_notices":[],"_links":{"self":[{"href":"https:\/\/obsnev.es\/en\/wp-json\/wp\/v2\/posts\/1007849","targetHints":{"allow":["GET"]}}],"collection":[{"href":"https:\/\/obsnev.es\/en\/wp-json\/wp\/v2\/posts"}],"about":[{"href":"https:\/\/obsnev.es\/en\/wp-json\/wp\/v2\/types\/post"}],"author":[{"embeddable":true,"href":"https:\/\/obsnev.es\/en\/wp-json\/wp\/v2\/users\/37"}],"replies":[{"embeddable":true,"href":"https:\/\/obsnev.es\/en\/wp-json\/wp\/v2\/comments?post=1007849"}],"version-history":[{"count":0,"href":"https:\/\/obsnev.es\/en\/wp-json\/wp\/v2\/posts\/1007849\/revisions"}],"wp:featuredmedia":[{"embeddable":true,"href":"https:\/\/obsnev.es\/en\/wp-json\/"}],"wp:attachment":[{"href":"https:\/\/obsnev.es\/en\/wp-json\/wp\/v2\/media?parent=1007849"}],"wp:term":[{"taxonomy":"category","embeddable":true,"href":"https:\/\/obsnev.es\/en\/wp-json\/wp\/v2\/categories?post=1007849"},{"taxonomy":"post_tag","embeddable":true,"href":"https:\/\/obsnev.es\/en\/wp-json\/wp\/v2\/tags?post=1007849"}],"curies":[{"name":"wp","href":"https:\/\/api.w.org\/{rel}","templated":true}]}}