{"id":1007850,"date":"2015-08-10T14:00:00","date_gmt":"2015-08-10T12:00:00","guid":{"rendered":"http:\/\/obsnev.es\/?p=1007850"},"modified":"2015-08-10T14:00:00","modified_gmt":"2015-08-10T12:00:00","slug":"on-7850","status":"publish","type":"post","link":"https:\/\/obsnev.es\/en\/on-7850\/","title":{"rendered":"Cambios en las tendencias poblacionales y ascenso altitudinal de animales en Sierra Nevada"},"content":{"rendered":"<p><img fetchpriority=\"high\" decoding=\"async\" src=\"https:\/\/obsnev.es\/wp-content\/uploads\/2015\/08\/Captura_de_pantalla_2015-08-31_a_las_7.54.09_PM.png\" alt=\"\" width=\"1888\" height=\"464\" class=\"aligncenter wp-image-1008005 size-full\" srcset=\"https:\/\/obsnev.es\/wp-content\/uploads\/2015\/08\/Captura_de_pantalla_2015-08-31_a_las_7.54.09_PM.png 1888w, https:\/\/obsnev.es\/wp-content\/uploads\/2015\/08\/Captura_de_pantalla_2015-08-31_a_las_7.54.09_PM-300x74.png 300w, https:\/\/obsnev.es\/wp-content\/uploads\/2015\/08\/Captura_de_pantalla_2015-08-31_a_las_7.54.09_PM-1024x252.png 1024w, https:\/\/obsnev.es\/wp-content\/uploads\/2015\/08\/Captura_de_pantalla_2015-08-31_a_las_7.54.09_PM-768x189.png 768w, https:\/\/obsnev.es\/wp-content\/uploads\/2015\/08\/Captura_de_pantalla_2015-08-31_a_las_7.54.09_PM-1536x377.png 1536w, https:\/\/obsnev.es\/wp-content\/uploads\/2015\/08\/Captura_de_pantalla_2015-08-31_a_las_7.54.09_PM-18x4.png 18w\" sizes=\"(max-width: 1888px) 100vw, 1888px\" \/><\/p>\n<p>Los cambios en la distribuci\u00f3n y abundancia de las poblaciones constituyen una respuesta evidente a las alteraciones ambientales. En el cap\u00edtulo 5 del Dossier de Resultados del OBSNEV, se describen las tendencias poblacionales de diferentes especies de animales y vegetales en Sierra Nevada, a partir de la evaluaci\u00f3n de los cambios en la distribuci\u00f3n y abundancia de las mismas. En diferentes grupos taxon\u00f3micos, el ascenso altitudinal es el patr\u00f3n m\u00e1s com\u00fanmente observado. Debido al incremento de las temperaturas observado en los \u00faltimos 30 a\u00f1os (ver cap\u00edtulo 1 del Dossier de Resultados), las especies ascienden en altitud en busca de condiciones m\u00e1s frescas.<\/p>\n<p>En insectos, esta migraci\u00f3n altitudinal ha sido confirmada para los escarabajos copr\u00f3fagos. En un lapso de 25 a\u00f1os, el 89% de las especies incrementaron su altitud media y sus l\u00edmites de distribuci\u00f3n superiores y algo m\u00e1s del 84% incrementaron sus l\u00edmites de distribuci\u00f3n inferiores. El ascenso medio altitudinal fue de 400 metros, pero existe una especie, Bubas bubalus, la cual ha ascensido 1.200 metros en 25 a\u00f1os (~50 metros\/ a\u00f1o). Adem\u00e1s, otros insectos como la mariposa Apolo de Sierra Nevada y dos especies de himen\u00f3pteros form\u00edcidos (<em>Proformica longiseta<\/em> and <em>Formica lemani<\/em>) tambi\u00e9n mostraron un ascenso altitudinal.<\/p>\n<p>Entre los vertebrados, tambi\u00e9n se han constatado respuestas equivalentes. Las aves paseriformes de monta\u00f1a han mostrado una marcada din\u00e1mica temporal a lo largo de los \u00faltimos 30 a\u00f1os. Las especies generalistas de monta\u00f1a se consolidan en las zonas de cumbres, las especies de \u00f3ptimo alpino se rarifican y en las cotas medias se ha constatado un declive o incluso p\u00e9rdida de especies de car\u00e1cter montano las cuales han sido sustituidas por especies m\u00e1s term\u00f3filas.<\/p>\n<p>Los anfibios que por sus particularidades fisiol\u00f3gicas y ecol\u00f3gicas, constituyen uno de los grupos m\u00e1s sensibles a los efectos del cambio global, tambi\u00e9n parecen haber modificado sus distribuciones a lo largo de los \u00faltimos 30 a\u00f1os. Los resultados obtenidos muestran que los anfibios en Sierra Nevada han experimentado un ascenso altitudinal. De las siete especies estudiadas, tres muestran un claro patr\u00f3n ascendente: sapillo pintojo (<em>Discoglossus jeanneae<\/em>), sapo com\u00fan (<em>Bufo spinosus<\/em>) y rana com\u00fan (<em>Pelophylax perezi<\/em>); dos no muestran patr\u00f3n definido: sapo partero b\u00e9tico (<em>Alytes dickhilleni<\/em>) y sapo corredor (<em>Bufo calamita<\/em>) y otras dos han tendido a rarificarse y desaparecer: rana meridional (<em>Hyla meridionalis<\/em>) y sapillo moteado (<em>Pelodytes ibericus<\/em>). Adem\u00e1s, se ha advertido la rarificaci\u00f3n de las especies que se reproducen en medios temporales. Los datos disponibles apuntan a que las charcas temporales presentan un peor estado de conservaci\u00f3n, a pesar de ser las que m\u00e1s diversidad soportan. Muchas de ellas tienen un hidroper\u00edodo muy reducido, lo que puede verse agravado por el calentamiento global.<\/p>\n<p>Las din\u00e1micas poblacionales est\u00e1n muy condicionadas por los efectos del cambio global. Estos resultados ponen en evidencia que las \u00e1reas protegidas monta\u00f1osas juegan un papel primordial en el mantenimiento de la biodiversidad en un contexto de cambio global, ya que las poblaciones pueden adaptarse a los cambios desplazandose altitudinalmente, de acuerdo a sus requerimientos ecol\u00f3gicos.<\/p>\n<p><span style=\"font-weight: bold;\">Autores:<\/span> Lola \u00c1lvarez Ruiz<\/p>","protected":false},"excerpt":{"rendered":"<p>Los cambios en la distribuci\u00f3n y abundancia de las poblaciones constituyen una respuesta evidente a las alteraciones ambientales. En el cap\u00edtulo 5 del Dossier de Resultados del OBSNEV, se describen las tendencias poblacionales de diferentes especies de animales y vegetales en Sierra Nevada, a partir de la evaluaci\u00f3n de los cambios en la distribuci\u00f3n y [&hellip;]<\/p>\n","protected":false},"author":1,"featured_media":1008013,"comment_status":"open","ping_status":"open","sticky":false,"template":"","format":"standard","meta":{"_acf_changed":false,"footnotes":""},"categories":[8],"tags":[137,207,127,187,208,152,49,209,210],"class_list":["post-1007850","post","type-post","status-publish","format-standard","has-post-thumbnail","hentry","category-canal-de-noticias","tag-anfibios","tag-ascenso-altitudinal","tag-aves","tag-dossier-de-resultados","tag-insectos","tag-observatorio-de-cambio-global","tag-sierra-nevada","tag-tendencias-animales","tag-tendencias-poblacionales"],"acf":[],"aioseo_notices":[],"_links":{"self":[{"href":"https:\/\/obsnev.es\/en\/wp-json\/wp\/v2\/posts\/1007850","targetHints":{"allow":["GET"]}}],"collection":[{"href":"https:\/\/obsnev.es\/en\/wp-json\/wp\/v2\/posts"}],"about":[{"href":"https:\/\/obsnev.es\/en\/wp-json\/wp\/v2\/types\/post"}],"author":[{"embeddable":true,"href":"https:\/\/obsnev.es\/en\/wp-json\/wp\/v2\/users\/1"}],"replies":[{"embeddable":true,"href":"https:\/\/obsnev.es\/en\/wp-json\/wp\/v2\/comments?post=1007850"}],"version-history":[{"count":0,"href":"https:\/\/obsnev.es\/en\/wp-json\/wp\/v2\/posts\/1007850\/revisions"}],"wp:featuredmedia":[{"embeddable":true,"href":"https:\/\/obsnev.es\/en\/wp-json\/wp\/v2\/media\/1008013"}],"wp:attachment":[{"href":"https:\/\/obsnev.es\/en\/wp-json\/wp\/v2\/media?parent=1007850"}],"wp:term":[{"taxonomy":"category","embeddable":true,"href":"https:\/\/obsnev.es\/en\/wp-json\/wp\/v2\/categories?post=1007850"},{"taxonomy":"post_tag","embeddable":true,"href":"https:\/\/obsnev.es\/en\/wp-json\/wp\/v2\/tags?post=1007850"}],"curies":[{"name":"wp","href":"https:\/\/api.w.org\/{rel}","templated":true}]}}