{"id":1007851,"date":"2015-08-10T14:00:00","date_gmt":"2015-08-10T12:00:00","guid":{"rendered":"http:\/\/obsnev.es\/?p=1007851"},"modified":"2015-08-10T14:00:00","modified_gmt":"2015-08-10T12:00:00","slug":"on-7851","status":"publish","type":"post","link":"https:\/\/obsnev.es\/en\/on-7851\/","title":{"rendered":"Las comunidades vegetales de alta monta\u00f1a de Sierra Nevada est\u00e1n cambiando."},"content":{"rendered":"<p><img fetchpriority=\"high\" decoding=\"async\" src=\"https:\/\/obsnev.es\/wp-content\/uploads\/2015\/08\/Captura_de_pantalla_2015-09-01_a_las_7.52.20_PM-1-1024x718.png\" alt=\"\" width=\"750\" height=\"526\" class=\"aligncenter wp-image-1007995 size-large\" srcset=\"https:\/\/obsnev.es\/wp-content\/uploads\/2015\/08\/Captura_de_pantalla_2015-09-01_a_las_7.52.20_PM-1-1024x718.png 1024w, https:\/\/obsnev.es\/wp-content\/uploads\/2015\/08\/Captura_de_pantalla_2015-09-01_a_las_7.52.20_PM-1-300x210.png 300w, https:\/\/obsnev.es\/wp-content\/uploads\/2015\/08\/Captura_de_pantalla_2015-09-01_a_las_7.52.20_PM-1-768x538.png 768w, https:\/\/obsnev.es\/wp-content\/uploads\/2015\/08\/Captura_de_pantalla_2015-09-01_a_las_7.52.20_PM-1-1536x1077.png 1536w, https:\/\/obsnev.es\/wp-content\/uploads\/2015\/08\/Captura_de_pantalla_2015-09-01_a_las_7.52.20_PM-1-18x12.png 18w, https:\/\/obsnev.es\/wp-content\/uploads\/2015\/08\/Captura_de_pantalla_2015-09-01_a_las_7.52.20_PM-1.png 1592w\" sizes=\"(max-width: 750px) 100vw, 750px\" \/><\/p>\n<p>Los cambios en la distribuci\u00f3n y abundancia de las poblaciones constituyen una respuesta evidente a las alteraciones ambientales. En diferentes grupos taxon\u00f3micos, el ascenso altitudinal es el patr\u00f3n m\u00e1s com\u00fanmente observado. Debido al incremento de las temperaturas observado en los \u00faltimos 30 a\u00f1os (ver Cap\u00edtulo 1 del dossier de resultados), las especies ascienden en altitud en busca de condiciones m\u00e1s frescas.<\/p>\n<p>En el marco del proyecto GLORIA (Global Observation Research Initiative in Alpine environments) se realiz\u00f3 un seguimiento de vegetaci\u00f3n en altas cumbres de Sierra Nevada durante 11 a\u00f1os. Los resultados del mismo, pueden consultarse en el cap\u00edtulo 5 del Dossier de Resultados publicado por el OBSNEV. En este periodo se han puesto de manifiesto importantes cambios en la vegetaci\u00f3n de alta monta\u00f1a, que implican principalmente:<\/p>\n<ul>\n<li>Desapariciones y apariciones de especies. Se ha constatado la desaparici\u00f3n de 13 especies en 11 a\u00f1os, a la vez que se han detectado 5 t\u00e1xones que no hab\u00edan sido citados previamente. Adem\u00e1s, se ha advertido una acusada reducci\u00f3n del \u00e1rea de distribuci\u00f3n de Lepidium stylatum, Viola crassiuscula y Saxifraga nevadensis. Sin embargo, esta tendencia parece revertirse en el periodo 2008-2012. Los resultados obtenidos podr\u00edan estar mostrando la capacidad adaptativa de determinadas plantas ante un escenario de calentamiento global.<\/li>\n<li>Migraciones altitudinales. Se ha podido constatar un ascenso altitudinal de tres especies (<em>Plantago radicata subsp. granatensis<\/em>, <em>Pilosella castellana<\/em> and <em>Eryngium glaciale<\/em>).<\/li>\n<li>Cambios en la cobertura vegetal. Se ha detectado un incremento mayor en la orientaci\u00f3n sur y en las localidades situadas a menor altitud (&lt; 3.000 m), mientras que se ha constatado una disminuci\u00f3n en la orientaci\u00f3n este. Se ha descubierto un reemplazo en las comunidades, con la p\u00e9rdida de especies que suelen ir ligadas a condiciones de mayor humedad, lo que puede indicar un cambio en la disponibilidad de agua.<\/li>\n<\/ul>\n<p>El seguimiento a largo plazo permitir\u00e1 establecer tendencias en las din\u00e1micas de extinci\u00f3n-colonizaci\u00f3n y expansiones-retracciones altitudinales.<\/p>\n<p><span style=\"font-weight: bold;\">Autores:<\/span> Lola \u00c1lvarez Ruiz<\/p>","protected":false},"excerpt":{"rendered":"<p>Los cambios en la distribuci\u00f3n y abundancia de las poblaciones constituyen una respuesta evidente a las alteraciones ambientales. En diferentes grupos taxon\u00f3micos, el ascenso altitudinal es el patr\u00f3n m\u00e1s com\u00fanmente observado. Debido al incremento de las temperaturas observado en los \u00faltimos 30 a\u00f1os (ver Cap\u00edtulo 1 del dossier de resultados), las especies ascienden en altitud [&hellip;]<\/p>\n","protected":false},"author":1,"featured_media":34,"comment_status":"open","ping_status":"open","sticky":false,"template":"","format":"standard","meta":{"_acf_changed":false,"footnotes":""},"categories":[8],"tags":[131,26,211,187,152,49],"class_list":["post-1007851","post","type-post","status-publish","format-standard","has-post-thumbnail","hentry","category-canal-de-noticias","tag-alta-montana","tag-cambio-climatico","tag-comunidades-vegetales","tag-dossier-de-resultados","tag-observatorio-de-cambio-global","tag-sierra-nevada"],"acf":[],"aioseo_notices":[],"_links":{"self":[{"href":"https:\/\/obsnev.es\/en\/wp-json\/wp\/v2\/posts\/1007851","targetHints":{"allow":["GET"]}}],"collection":[{"href":"https:\/\/obsnev.es\/en\/wp-json\/wp\/v2\/posts"}],"about":[{"href":"https:\/\/obsnev.es\/en\/wp-json\/wp\/v2\/types\/post"}],"author":[{"embeddable":true,"href":"https:\/\/obsnev.es\/en\/wp-json\/wp\/v2\/users\/1"}],"replies":[{"embeddable":true,"href":"https:\/\/obsnev.es\/en\/wp-json\/wp\/v2\/comments?post=1007851"}],"version-history":[{"count":0,"href":"https:\/\/obsnev.es\/en\/wp-json\/wp\/v2\/posts\/1007851\/revisions"}],"wp:featuredmedia":[{"embeddable":true,"href":"https:\/\/obsnev.es\/en\/wp-json\/"}],"wp:attachment":[{"href":"https:\/\/obsnev.es\/en\/wp-json\/wp\/v2\/media?parent=1007851"}],"wp:term":[{"taxonomy":"category","embeddable":true,"href":"https:\/\/obsnev.es\/en\/wp-json\/wp\/v2\/categories?post=1007851"},{"taxonomy":"post_tag","embeddable":true,"href":"https:\/\/obsnev.es\/en\/wp-json\/wp\/v2\/tags?post=1007851"}],"curies":[{"name":"wp","href":"https:\/\/api.w.org\/{rel}","templated":true}]}}