{"id":1007852,"date":"2015-08-10T14:00:00","date_gmt":"2015-08-10T12:00:00","guid":{"rendered":"http:\/\/obsnev.es\/?p=1007852"},"modified":"2015-08-10T14:00:00","modified_gmt":"2015-08-10T12:00:00","slug":"on-7852","status":"publish","type":"post","link":"https:\/\/obsnev.es\/en\/on-7852\/","title":{"rendered":"\u00bfC\u00f3mo han cambiado las comunidades de aves paseriformes en Sierra Nevada en los \u00faltimos 30 a\u00f1os?"},"content":{"rendered":"<p><img fetchpriority=\"high\" decoding=\"async\" src=\"https:\/\/obsnev.es\/wp-content\/uploads\/2015\/08\/Captura_de_pantalla_2015-08-31_a_las_4.51.49_PM.png\" alt=\"\" width=\"992\" height=\"553\" class=\"aligncenter wp-image-1008002\" srcset=\"https:\/\/obsnev.es\/wp-content\/uploads\/2015\/08\/Captura_de_pantalla_2015-08-31_a_las_4.51.49_PM.png 2076w, https:\/\/obsnev.es\/wp-content\/uploads\/2015\/08\/Captura_de_pantalla_2015-08-31_a_las_4.51.49_PM-300x167.png 300w, https:\/\/obsnev.es\/wp-content\/uploads\/2015\/08\/Captura_de_pantalla_2015-08-31_a_las_4.51.49_PM-1024x571.png 1024w, https:\/\/obsnev.es\/wp-content\/uploads\/2015\/08\/Captura_de_pantalla_2015-08-31_a_las_4.51.49_PM-768x428.png 768w, https:\/\/obsnev.es\/wp-content\/uploads\/2015\/08\/Captura_de_pantalla_2015-08-31_a_las_4.51.49_PM-1536x857.png 1536w, https:\/\/obsnev.es\/wp-content\/uploads\/2015\/08\/Captura_de_pantalla_2015-08-31_a_las_4.51.49_PM-2048x1142.png 2048w, https:\/\/obsnev.es\/wp-content\/uploads\/2015\/08\/Captura_de_pantalla_2015-08-31_a_las_4.51.49_PM-18x10.png 18w\" sizes=\"(max-width: 992px) 100vw, 992px\" \/><\/p>\n<p>En respuesta a las alteraciones ambientales, las comunidades de aves paseriformes est\u00e1n sufriendo cambios en su composici\u00f3n y sobre todo en su abundancia. Este hecho ha sido detectado mediante la comparaci\u00f3n de datos obtenidos a principios de los a\u00f1os 80 y en la actualidad, en tres h\u00e1bitats diferentes: robledal (1.700 msnm), matorral de alta monta\u00f1a (2.200 msnm) y zona de altas cumbres (3.100 msnm).<\/p>\n<p>Especies que eran dominantes en los a\u00f1os 80, han sufrido una disminuci\u00f3n de sus poblaciones particularmente en el robledal y en el matorral de alta monta\u00f1a. En el <strong>robledal<\/strong>, la densidad de aves en 1981 era de 108,1 aves\/10 ha, mientras que actualmente es de 37,5 aves\/10 ha. Esto se debe principalmente a la regresi\u00f3n de las especies dominantes en 1981.&nbsp;Adem\u00e1s, hay 6 especies (mito europeo, herrerillo capuchino, colirrojo tiz\u00f3n, reyezuelo sencillo, trepador azul y curruca carrasque\u00f1a) que no se registraron en 1981 y que actualmente han sido localizadas. Por otro lado, hay 3 especies (jilguero, orop\u00e9ndola y pito real) que a pesar de ser localizadas con frecuencia en 1981, actualmente no han sido registradas.<\/p>\n<p>En cuanto al <strong>matorral de alta monta\u00f1a<\/strong>, se ha advertido un descenso en la densidad de aves, de 30,2 aves\/10 ha en los 80s a 10,5 aves\/10 ha en la actualidad. Siendo especialmente acusado el descenso de la collalba gris, especie clave de estos ecosistemas. La tarabilla europea actualmente es un ave com\u00fan que no fue detectada en los 80s. Adem\u00e1s, especies como la totov\u00eda, la cogujada montesina o el acentor com\u00fan han sido detectadas en la actualidad, pero no hace 30 a\u00f1os.<\/p>\n<p>Los ecosistemas de <strong>alta monta\u00f1a<\/strong> han experimentado cierta ganancia neta de especies en las \u00faltimas tres d\u00e9cadas. En 1982 se localizaron 3 especies, mientras que actualmente la cifra total asciende a 5. Al contrario que las otras dos localidades estudiadas, la densidad se incrementa de 4 a 4,9 aves\/10 ha. El pardillo aparece como reproductor mientras que la poblaci\u00f3n de colirrojo tiz\u00f3n se incrementa en los ecosistemas de las cumbres de Sierra Nevada. El acentor alpino se rarifica en este lapso de tiempo de 30 a\u00f1os.<\/p>\n<p>Los dos principales motores de cambio global en Sierra Nevada son los cambios en el clima y los cambios en los usos de suelo. El cambio en el clima para el periodo estudiado (1981-1986 vs. 2008-2012) ha consistido en un incremento de la temperatura cifrado en unos 0,105 \u00b0C anuales (ver cap\u00edtulo 1 del dossier de resultados del OBSNEV). En las zonas bajas y medias, los principales cambios en los usos del territorio en las \u00faltimas d\u00e9cadas han conducido a la expansi\u00f3n y densificaci\u00f3n del bosque y matorral. La magnitud de los cambios se reduce con la altitud, por lo que el ecosistema que m\u00e1s ha cambiado es el robledal y los que menos son los ecosistemas de altas cumbres (ver Figura 1). Las comunidades de aves en Sierra Nevada muestran una fuerte din\u00e1mica espacio-temporal que parece estar acentuandose a causa de la incidencia del cambio global.<\/p>\n<p>Los ecosistemas de alta monta\u00f1a, est\u00e1n caracterizados por una reducida ventana fenol\u00f3gica y una pobre comunidad orn\u00edtica. Esta comunidad, est\u00e1 perdiendo su car\u00e1cter alpino y se est\u00e1 homogeneizando con las condiciones mediterr\u00e1neas de su entorno. Podemos ver las huellas de este proceso en la desaparici\u00f3n de&nbsp; algunas especies alpinas que fueron vistas por los primeros naturalistas que visitaron Sierra Nevada en el siglo XIX, como el treparriscos (<em>Trychodroma muraria<\/em>), el gorri\u00f3n alpino (<em>Montifringilla nivalis<\/em>) o la chova piquigualda (<em>Pyrrhocorax graculus<\/em>). Por el contrario, se est\u00e1n dando condiciones que representan oportunidades para especies con un perfil generalista, como pueden ser el colirrojo tiz\u00f3n o el pardillo, que ya colonizan la alta monta\u00f1a.<\/p>\n<p>En Sierra Nevada uno de los factores principales que condiciona la distribuci\u00f3n y el desarrollo de las especies de aves es la temperatura y las oscilaciones t\u00e9rmicas. Pero adem\u00e1s, elementos de la vegetaci\u00f3n como la densidad y cobertura de \u00e1rboles, cobertura de sotobosque, la disponibilidad de troncos ca\u00eddos, \u00e1rboles muertos y la edad del bosque, juegan un papel determinante en la composici\u00f3n y densidad de las comunidades de aves. El seguimiento a largo plazo de las comunidades de aves nos permite observar c\u00f3mo \u00e9stas son afectadas por el cambio clim\u00e1tico y por los cambios en sus h\u00e1bitats.<\/p>\n<p><span style=\"font-weight: bold;\">Autores:<\/span> Lola \u00c1lvarez Ruiz<\/p>","protected":false},"excerpt":{"rendered":"<p>En respuesta a las alteraciones ambientales, las comunidades de aves paseriformes est\u00e1n sufriendo cambios en su composici\u00f3n y sobre todo en su abundancia. Este hecho ha sido detectado mediante la comparaci\u00f3n de datos obtenidos a principios de los a\u00f1os 80 y en la actualidad, en tres h\u00e1bitats diferentes: robledal (1.700 msnm), matorral de alta monta\u00f1a [&hellip;]<\/p>\n","protected":false},"author":1,"featured_media":1008011,"comment_status":"open","ping_status":"open","sticky":false,"template":"","format":"standard","meta":{"_acf_changed":false,"footnotes":""},"categories":[8],"tags":[212,213,187,152,49,209],"class_list":["post-1007852","post","type-post","status-publish","format-standard","has-post-thumbnail","hentry","category-canal-de-noticias","tag-abundancia-aves","tag-aves-paseriformes","tag-dossier-de-resultados","tag-observatorio-de-cambio-global","tag-sierra-nevada","tag-tendencias-animales"],"acf":[],"aioseo_notices":[],"_links":{"self":[{"href":"https:\/\/obsnev.es\/en\/wp-json\/wp\/v2\/posts\/1007852","targetHints":{"allow":["GET"]}}],"collection":[{"href":"https:\/\/obsnev.es\/en\/wp-json\/wp\/v2\/posts"}],"about":[{"href":"https:\/\/obsnev.es\/en\/wp-json\/wp\/v2\/types\/post"}],"author":[{"embeddable":true,"href":"https:\/\/obsnev.es\/en\/wp-json\/wp\/v2\/users\/1"}],"replies":[{"embeddable":true,"href":"https:\/\/obsnev.es\/en\/wp-json\/wp\/v2\/comments?post=1007852"}],"version-history":[{"count":0,"href":"https:\/\/obsnev.es\/en\/wp-json\/wp\/v2\/posts\/1007852\/revisions"}],"wp:featuredmedia":[{"embeddable":true,"href":"https:\/\/obsnev.es\/en\/wp-json\/wp\/v2\/media\/1008011"}],"wp:attachment":[{"href":"https:\/\/obsnev.es\/en\/wp-json\/wp\/v2\/media?parent=1007852"}],"wp:term":[{"taxonomy":"category","embeddable":true,"href":"https:\/\/obsnev.es\/en\/wp-json\/wp\/v2\/categories?post=1007852"},{"taxonomy":"post_tag","embeddable":true,"href":"https:\/\/obsnev.es\/en\/wp-json\/wp\/v2\/tags?post=1007852"}],"curies":[{"name":"wp","href":"https:\/\/api.w.org\/{rel}","templated":true}]}}