{"id":1009599,"date":"2020-04-17T18:05:39","date_gmt":"2020-04-17T16:05:39","guid":{"rendered":"https:\/\/obsnev.es\/?p=1009599"},"modified":"2020-04-17T18:05:39","modified_gmt":"2020-04-17T16:05:39","slug":"los-ecosistemas-nevadenses-y-el-hombre-una-historia-en-comun-catastro-de-ensenada-de-canar-y-barjas","status":"publish","type":"post","link":"https:\/\/obsnev.es\/en\/los-ecosistemas-nevadenses-y-el-hombre-una-historia-en-comun-catastro-de-ensenada-de-canar-y-barjas\/","title":{"rendered":"Los ecosistemas nevadenses y el hombre: una historia en com\u00fan. Catastro de Ensenada de C\u00e1\u00f1ar y Barjas"},"content":{"rendered":"<p>Se ha rescatado toda la informaci\u00f3n acerca de los propietarios, pagos, tierras de labor y arbolado que consta en el <a href=\"http:\/\/pares.mcu.es\/Catastro\/\">Ensenada Cadastre<\/a> para las antiguas pedan\u00edas de <a href=\"https:\/\/es.wikipedia.org\/wiki\/C%C3%A1%C3%B1ar\">C\u00e1\u00f1ar y Barjas<\/a>. Esta informaci\u00f3n alfanum\u00e9rica junto con la recopilaci\u00f3n de los pagos de aquella \u00e9poca en talleres de cartograf\u00eda con la Comunidad de Regantes y con agricultores ancianos del municipio, ha permitido cartografiar parte de esta informaci\u00f3n. Este trabajo ha sido elaborado gracias al convenio entre la Universidad de Granada y la Consejer\u00eda de Agricultura, Ganader\u00eda, Pesca y Sostenibilidad de la Junta de Andaluc\u00eda, que da soporte al Observatorio de Cambio Global de Sierra Nevada y a la Fundaci\u00f3n Biodiversidad. <a href=\"https:\/\/obsnev.es\/en\/catastro-de-ensenada-de-canar-y-barjas\/\">Leer m\u00e1s&#8230;<\/a><\/p>\n\n\n\n<div class=\"wp-block-image\"><figure class=\"aligncenter size-large is-resized\"><img fetchpriority=\"high\" decoding=\"async\" src=\"https:\/\/obsnev.es\/wp-content\/uploads\/2020\/04\/Lanjaron-1351-2-914x1024.jpg\" alt=\"\" class=\"wp-image-1009606\" width=\"913\" height=\"592\"\/><figcaption>Ilustraci\u00f3n del municipio de Lanjar\u00f3n. Catastro de Ensenada.<\/figcaption><\/figure><\/div>","protected":false},"excerpt":{"rendered":"<p>Se ha rescatado toda la informaci\u00f3n acerca de los propietarios, pagos, tierras de labor y arbolado que consta en el Catastro de Ensenada para las antiguas pedan\u00edas de C\u00e1\u00f1ar y Barjas. Esta informaci\u00f3n alfanum\u00e9rica junto con la recopilaci\u00f3n de los pagos de aquella \u00e9poca en talleres de cartograf\u00eda con la Comunidad de Regantes y con [&hellip;]<\/p>\n","protected":false},"author":66,"featured_media":1009610,"comment_status":"open","ping_status":"closed","sticky":false,"template":"","format":"standard","meta":{"_acf_changed":false,"footnotes":""},"categories":[222,234],"tags":[232,175,233,49,90,65],"class_list":["post-1009599","post","type-post","status-publish","format-standard","has-post-thumbnail","hentry","category-observatorio-de-cambio-global","category-sierra-nevada","tag-catastro-de-ensenada","tag-informacion-historica","tag-municipios","tag-sierra-nevada","tag-socioeconomia","tag-usos-del-suelo"],"acf":[],"aioseo_notices":[],"_links":{"self":[{"href":"https:\/\/obsnev.es\/en\/wp-json\/wp\/v2\/posts\/1009599","targetHints":{"allow":["GET"]}}],"collection":[{"href":"https:\/\/obsnev.es\/en\/wp-json\/wp\/v2\/posts"}],"about":[{"href":"https:\/\/obsnev.es\/en\/wp-json\/wp\/v2\/types\/post"}],"author":[{"embeddable":true,"href":"https:\/\/obsnev.es\/en\/wp-json\/wp\/v2\/users\/66"}],"replies":[{"embeddable":true,"href":"https:\/\/obsnev.es\/en\/wp-json\/wp\/v2\/comments?post=1009599"}],"version-history":[{"count":0,"href":"https:\/\/obsnev.es\/en\/wp-json\/wp\/v2\/posts\/1009599\/revisions"}],"wp:featuredmedia":[{"embeddable":true,"href":"https:\/\/obsnev.es\/en\/wp-json\/wp\/v2\/media\/1009610"}],"wp:attachment":[{"href":"https:\/\/obsnev.es\/en\/wp-json\/wp\/v2\/media?parent=1009599"}],"wp:term":[{"taxonomy":"category","embeddable":true,"href":"https:\/\/obsnev.es\/en\/wp-json\/wp\/v2\/categories?post=1009599"},{"taxonomy":"post_tag","embeddable":true,"href":"https:\/\/obsnev.es\/en\/wp-json\/wp\/v2\/tags?post=1009599"}],"curies":[{"name":"wp","href":"https:\/\/api.w.org\/{rel}","templated":true}]}}