{"id":1009618,"date":"2020-05-11T12:12:00","date_gmt":"2020-05-11T10:12:00","guid":{"rendered":"https:\/\/obsnev.es\/?p=1009618"},"modified":"2020-05-11T12:12:00","modified_gmt":"2020-05-11T10:12:00","slug":"los-ecosistemas-nevadenses-y-el-hombre-taller-de-cartografia-participativa-y-pagos-del-termino-municipal-de-canar","status":"publish","type":"post","link":"https:\/\/obsnev.es\/en\/los-ecosistemas-nevadenses-y-el-hombre-taller-de-cartografia-participativa-y-pagos-del-termino-municipal-de-canar\/","title":{"rendered":"Los ecosistemas nevadenses y el hombre: una historia en com\u00fan. Taller de cartograf\u00eda participativa y pagos del t\u00e9rmino municipal de C\u00e1\u00f1ar"},"content":{"rendered":"<p>En este taller hemos rescatado el saber popular sobre numerosos usos del territorio y eventos ligados a la vegetaci\u00f3n del siglo pasado, antes de que caigan en el olvido. Informaci\u00f3n hist\u00f3rica relativa a las zonas de carboneo, cultivos, aprovechamientos de le\u00f1a, repoblaciones o\u00a0 incendios en el municipio de <a href=\"https:\/\/es.wikipedia.org\/wiki\/C%C3%A1%C3%B1ar\">C\u00e1\u00f1ar<\/a>. Adem\u00e1s se han delimitado muchos de los pagos hist\u00f3ricos y actuales del municipio. Toda esta informaci\u00f3n ha sido cartografiada para su consulta. Este trabajo ha sido elaborado gracias al convenio entre la Universidad de Granada y la Consejer\u00eda de Agricultura, Ganader\u00eda, Pesca y Sostenibilidad de la Junta de Andaluc\u00eda, que da soporte al Observatorio de Cambio Global de Sierra Nevada y a la Fundaci\u00f3n Biodiversidad.\u00a0<a href=\"https:\/\/obsnev.es\/en\/cartografia-participativa-y-pagos-del-tm-canar\/\">Leer m\u00e1s\u2026<\/a><\/p>\n\n\n\n<div class=\"wp-block-image\"><figure class=\"aligncenter size-vp_sm is-resized\"><img fetchpriority=\"high\" decoding=\"async\" src=\"https:\/\/obsnev.es\/wp-content\/uploads\/2020\/04\/Captura-de-pantalla-2020-04-22-a-las-14.31.32-500x283.png\" alt=\"\" class=\"wp-image-1009629\" width=\"638\" height=\"361\"\/><figcaption>Presidente de la comunidad de regantes de C\u00e1\u00f1ar, delimitando una zona durante el taller.<\/figcaption><\/figure><\/div>","protected":false},"excerpt":{"rendered":"<p>En este taller hemos rescatado el saber popular sobre numerosos usos del territorio y eventos ligados a la vegetaci\u00f3n del siglo pasado, antes de que caigan en el olvido. Informaci\u00f3n hist\u00f3rica relativa a las zonas de carboneo, cultivos, aprovechamientos de le\u00f1a, repoblaciones o\u00a0 incendios en el municipio de C\u00e1\u00f1ar. Adem\u00e1s se han delimitado muchos de [&hellip;]<\/p>\n","protected":false},"author":66,"featured_media":1009431,"comment_status":"open","ping_status":"closed","sticky":false,"template":"","format":"standard","meta":{"_acf_changed":false,"footnotes":""},"categories":[8,222,234],"tags":[175,233,49,90,235,65,178],"class_list":["post-1009618","post","type-post","status-publish","format-standard","has-post-thumbnail","hentry","category-canal-de-noticias","category-observatorio-de-cambio-global","category-sierra-nevada","tag-informacion-historica","tag-municipios","tag-sierra-nevada","tag-socioeconomia","tag-taller-cartografia-participativa","tag-usos-del-suelo","tag-usos-tradicionales"],"acf":[],"aioseo_notices":[],"_links":{"self":[{"href":"https:\/\/obsnev.es\/en\/wp-json\/wp\/v2\/posts\/1009618","targetHints":{"allow":["GET"]}}],"collection":[{"href":"https:\/\/obsnev.es\/en\/wp-json\/wp\/v2\/posts"}],"about":[{"href":"https:\/\/obsnev.es\/en\/wp-json\/wp\/v2\/types\/post"}],"author":[{"embeddable":true,"href":"https:\/\/obsnev.es\/en\/wp-json\/wp\/v2\/users\/66"}],"replies":[{"embeddable":true,"href":"https:\/\/obsnev.es\/en\/wp-json\/wp\/v2\/comments?post=1009618"}],"version-history":[{"count":0,"href":"https:\/\/obsnev.es\/en\/wp-json\/wp\/v2\/posts\/1009618\/revisions"}],"wp:featuredmedia":[{"embeddable":true,"href":"https:\/\/obsnev.es\/en\/wp-json\/wp\/v2\/media\/1009431"}],"wp:attachment":[{"href":"https:\/\/obsnev.es\/en\/wp-json\/wp\/v2\/media?parent=1009618"}],"wp:term":[{"taxonomy":"category","embeddable":true,"href":"https:\/\/obsnev.es\/en\/wp-json\/wp\/v2\/categories?post=1009618"},{"taxonomy":"post_tag","embeddable":true,"href":"https:\/\/obsnev.es\/en\/wp-json\/wp\/v2\/tags?post=1009618"}],"curies":[{"name":"wp","href":"https:\/\/api.w.org\/{rel}","templated":true}]}}