{"id":1009635,"date":"2020-05-25T09:15:30","date_gmt":"2020-05-25T07:15:30","guid":{"rendered":"https:\/\/obsnev.es\/?p=1009635"},"modified":"2020-05-25T09:15:30","modified_gmt":"2020-05-25T07:15:30","slug":"los-ecosistemas-nevadenses-y-el-hombre-una-historia-en-comun-diccionarios-geograficos-y-catastro-de-ensenada","status":"publish","type":"post","link":"https:\/\/obsnev.es\/en\/los-ecosistemas-nevadenses-y-el-hombre-una-historia-en-comun-diccionarios-geograficos-y-catastro-de-ensenada\/","title":{"rendered":"Los ecosistemas nevadenses y el hombre: una historia en com\u00fan. Diccionarios geogr\u00e1ficos y Catastro de Ensenada"},"content":{"rendered":"<p><\/p>\n\n\n\n<div class=\"wp-block-columns is-layout-flex wp-container-core-columns-is-layout-28f84493 wp-block-columns-is-layout-flex\">\n<div class=\"wp-block-column is-layout-flow wp-block-column-is-layout-flow\">\n<p><\/p>\n\n\n\n<p>Se ha desarrollado una aplicaci\u00f3n web cartogr\u00e1fica que permite descargar los textos de <a href=\"https:\/\/es.wikipedia.org\/wiki\/Diccionario_geogr%C3%A1fico\">diccionarios geogr\u00e1ficos<\/a> de Tom\u00e1s L\u00f3pez (1802), Sebasti\u00e1n Mi\u00f1ano (1829) y Pascual Madoz (1850) as\u00ed como informaci\u00f3n e ilustraciones del <a href=\"http:\/\/pares.mcu.es\/Catastro\/\">Ensenada Cadastre<\/a> (1748) para los municipios que forman parte del ENP de Sierra Nevada. Este trabajo ha sido elaborado gracias al convenio entre la Universidad de Granada y la Consejer\u00eda de Agricultura, Ganader\u00eda, Pesca y Sostenibilidad de la Junta de Andaluc\u00eda, que da soporte al Observatorio de Cambio Global de Sierra Nevada y a la Fundaci\u00f3n Biodiversidad.\u00a0<a href=\"https:\/\/obsnev.es\/en\/diccionarios-geograficos-y-catastro-de-ensenada\/\">Leer m\u00e1s\u2026<\/a><\/p>\n<\/div>\n\n\n\n<div class=\"wp-block-column is-layout-flow wp-block-column-is-layout-flow\">\n<figure class=\"wp-block-image size-medium\"><img fetchpriority=\"high\" decoding=\"async\" width=\"223\" height=\"300\" src=\"https:\/\/obsnev.es\/wp-content\/uploads\/2020\/04\/portada-1-223x300.jpg\" alt=\"\" class=\"wp-image-1009638\" srcset=\"https:\/\/obsnev.es\/wp-content\/uploads\/2020\/04\/portada-1-223x300.jpg 223w, https:\/\/obsnev.es\/wp-content\/uploads\/2020\/04\/portada-1-762x1024.jpg 762w, https:\/\/obsnev.es\/wp-content\/uploads\/2020\/04\/portada-1-768x1032.jpg 768w, https:\/\/obsnev.es\/wp-content\/uploads\/2020\/04\/portada-1-1143x1536.jpg 1143w, https:\/\/obsnev.es\/wp-content\/uploads\/2020\/04\/portada-1-9x12.jpg 9w, https:\/\/obsnev.es\/wp-content\/uploads\/2020\/04\/portada-1.jpg 1524w\" sizes=\"(max-width: 223px) 100vw, 223px\" \/><\/figure>\n<\/div>\n<\/div>","protected":false},"excerpt":{"rendered":"<p>Se ha desarrollado una aplicaci\u00f3n web cartogr\u00e1fica que permite descargar los textos de diccionarios geogr\u00e1ficos de Tom\u00e1s L\u00f3pez (1802), Sebasti\u00e1n Mi\u00f1ano (1829) y Pascual Madoz (1850) as\u00ed como informaci\u00f3n e ilustraciones del Catastro de Ensenada (1748) para los municipios que forman parte del ENP de Sierra Nevada. Este trabajo ha sido elaborado gracias al convenio [&hellip;]<\/p>\n","protected":false},"author":66,"featured_media":1009637,"comment_status":"open","ping_status":"closed","sticky":false,"template":"","format":"standard","meta":{"_acf_changed":false,"footnotes":""},"categories":[8,222,234],"tags":[236,175,233,49],"class_list":["post-1009635","post","type-post","status-publish","format-standard","has-post-thumbnail","hentry","category-canal-de-noticias","category-observatorio-de-cambio-global","category-sierra-nevada","tag-diccionario-geografico","tag-informacion-historica","tag-municipios","tag-sierra-nevada"],"acf":[],"aioseo_notices":[],"_links":{"self":[{"href":"https:\/\/obsnev.es\/en\/wp-json\/wp\/v2\/posts\/1009635","targetHints":{"allow":["GET"]}}],"collection":[{"href":"https:\/\/obsnev.es\/en\/wp-json\/wp\/v2\/posts"}],"about":[{"href":"https:\/\/obsnev.es\/en\/wp-json\/wp\/v2\/types\/post"}],"author":[{"embeddable":true,"href":"https:\/\/obsnev.es\/en\/wp-json\/wp\/v2\/users\/66"}],"replies":[{"embeddable":true,"href":"https:\/\/obsnev.es\/en\/wp-json\/wp\/v2\/comments?post=1009635"}],"version-history":[{"count":0,"href":"https:\/\/obsnev.es\/en\/wp-json\/wp\/v2\/posts\/1009635\/revisions"}],"wp:featuredmedia":[{"embeddable":true,"href":"https:\/\/obsnev.es\/en\/wp-json\/wp\/v2\/media\/1009637"}],"wp:attachment":[{"href":"https:\/\/obsnev.es\/en\/wp-json\/wp\/v2\/media?parent=1009635"}],"wp:term":[{"taxonomy":"category","embeddable":true,"href":"https:\/\/obsnev.es\/en\/wp-json\/wp\/v2\/categories?post=1009635"},{"taxonomy":"post_tag","embeddable":true,"href":"https:\/\/obsnev.es\/en\/wp-json\/wp\/v2\/tags?post=1009635"}],"curies":[{"name":"wp","href":"https:\/\/api.w.org\/{rel}","templated":true}]}}