{"id":1009648,"date":"2020-04-24T13:23:30","date_gmt":"2020-04-24T11:23:30","guid":{"rendered":"https:\/\/obsnev.es\/?p=1009648"},"modified":"2020-04-24T13:23:30","modified_gmt":"2020-04-24T11:23:30","slug":"los-ecosistemas-nevadenses-y-el-hombre-inventario-forestal-del-ministerio-de-marina-de-1748","status":"publish","type":"post","link":"https:\/\/obsnev.es\/en\/los-ecosistemas-nevadenses-y-el-hombre-inventario-forestal-del-ministerio-de-marina-de-1748\/","title":{"rendered":"Los ecosistemas nevadenses y el hombre: una historia en com\u00fan. Inventario forestal del Ministerio de Marina de 1748"},"content":{"rendered":"<p>En 1748 el <a href=\"http:\/\/www.juntadeandalucia.es\/institutodeestadisticaycartografia\/blog\/2019\/05\/provincias-marina\/\">Ministerio de Marina<\/a> inventari\u00f3 todos los recursos madereros de los territorios que distaran menos de 25 leguas de la costa o de r\u00edos navegables, para la construcci\u00f3n naval. Se presentan las im\u00e1genes y transcripci\u00f3n de parte de este documento hist\u00f3rico (el texto de conteo y descripci\u00f3n del arbolado) para los territorios de <a href=\"https:\/\/es.wikipedia.org\/wiki\/C%C3%A1%C3%B1ar\">C\u00e1\u00f1ar y Barjas<\/a>. Este trabajo ha sido elaborado gracias al convenio entre la Universidad de Granada y la Consejer\u00eda de Agricultura, Ganader\u00eda, Pesca y Sostenibilidad de la Junta de Andaluc\u00eda, que da soporte al Observatorio de Cambio Global de Sierra Nevada y a la Fundaci\u00f3n Biodiversidad.&nbsp;<a href=\"https:\/\/obsnev.es\/en\/inventario-forestal-ministerio-marina-1748\/\">Leer m\u00e1s\u2026<\/a><\/p>\n\n\n\n<div class=\"wp-block-image\"><figure class=\"aligncenter size-full is-resized\"><img decoding=\"async\" src=\"https:\/\/obsnev.es\/wp-content\/uploads\/2020\/04\/Inventario_MinisterioMarina_Mapa.png\" alt=\"\" class=\"wp-image-1009429\" width=\"NaN\" height=\"590\" srcset=\"https:\/\/obsnev.es\/wp-content\/uploads\/2020\/04\/Inventario_MinisterioMarina_Mapa.png 992w, https:\/\/obsnev.es\/wp-content\/uploads\/2020\/04\/Inventario_MinisterioMarina_Mapa-300x275.png 300w, https:\/\/obsnev.es\/wp-content\/uploads\/2020\/04\/Inventario_MinisterioMarina_Mapa-768x705.png 768w, https:\/\/obsnev.es\/wp-content\/uploads\/2020\/04\/Inventario_MinisterioMarina_Mapa-13x12.png 13w\" sizes=\"(max-width: 992px) 100vw, 992px\" \/><figcaption>Mapa de los Pueblos Montes, y sus Principales Arboledas y Extensiones. Provincia de Marina de Motril. <br>Fte: Centro Geogr\u00e1fico del Ej\u00e9rcito<\/figcaption><\/figure><\/div>","protected":false},"excerpt":{"rendered":"<p>En 1748 el Ministerio de Marina inventari\u00f3 todos los recursos madereros de los territorios que distaran menos de 25 leguas de la costa o de r\u00edos navegables, para la construcci\u00f3n naval. Se presentan las im\u00e1genes y transcripci\u00f3n de parte de este documento hist\u00f3rico (el texto de conteo y descripci\u00f3n del arbolado) para los territorios de [&hellip;]<\/p>\n","protected":false},"author":66,"featured_media":1009650,"comment_status":"open","ping_status":"closed","sticky":false,"template":"","format":"standard","meta":{"_acf_changed":false,"footnotes":""},"categories":[8,222,234],"tags":[175,49,178],"class_list":["post-1009648","post","type-post","status-publish","format-standard","has-post-thumbnail","hentry","category-canal-de-noticias","category-observatorio-de-cambio-global","category-sierra-nevada","tag-informacion-historica","tag-sierra-nevada","tag-usos-tradicionales"],"acf":[],"aioseo_notices":[],"_links":{"self":[{"href":"https:\/\/obsnev.es\/en\/wp-json\/wp\/v2\/posts\/1009648","targetHints":{"allow":["GET"]}}],"collection":[{"href":"https:\/\/obsnev.es\/en\/wp-json\/wp\/v2\/posts"}],"about":[{"href":"https:\/\/obsnev.es\/en\/wp-json\/wp\/v2\/types\/post"}],"author":[{"embeddable":true,"href":"https:\/\/obsnev.es\/en\/wp-json\/wp\/v2\/users\/66"}],"replies":[{"embeddable":true,"href":"https:\/\/obsnev.es\/en\/wp-json\/wp\/v2\/comments?post=1009648"}],"version-history":[{"count":0,"href":"https:\/\/obsnev.es\/en\/wp-json\/wp\/v2\/posts\/1009648\/revisions"}],"wp:featuredmedia":[{"embeddable":true,"href":"https:\/\/obsnev.es\/en\/wp-json\/wp\/v2\/media\/1009650"}],"wp:attachment":[{"href":"https:\/\/obsnev.es\/en\/wp-json\/wp\/v2\/media?parent=1009648"}],"wp:term":[{"taxonomy":"category","embeddable":true,"href":"https:\/\/obsnev.es\/en\/wp-json\/wp\/v2\/categories?post=1009648"},{"taxonomy":"post_tag","embeddable":true,"href":"https:\/\/obsnev.es\/en\/wp-json\/wp\/v2\/tags?post=1009648"}],"curies":[{"name":"wp","href":"https:\/\/api.w.org\/{rel}","templated":true}]}}