{"id":1009652,"date":"2020-07-01T22:02:24","date_gmt":"2020-07-01T20:02:24","guid":{"rendered":"https:\/\/obsnev.es\/?p=1009652"},"modified":"2020-07-01T22:02:24","modified_gmt":"2020-07-01T20:02:24","slug":"los-ecosistemas-nevadenses-y-el-hombre-una-historia-en-comun-mapa-catastral-de-canar-1920","status":"publish","type":"post","link":"https:\/\/obsnev.es\/en\/los-ecosistemas-nevadenses-y-el-hombre-una-historia-en-comun-mapa-catastral-de-canar-1920\/","title":{"rendered":"Los ecosistemas nevadenses y el hombre: una historia en com\u00fan. Mapa catastral de C\u00e1\u00f1ar (1920)"},"content":{"rendered":"<div class=\"wp-block-columns is-layout-flex wp-container-core-columns-is-layout-28f84493 wp-block-columns-is-layout-flex\">\n<div class=\"wp-block-column is-layout-flow wp-block-column-is-layout-flow\" style=\"flex-basis:33.33%\">\n<p><\/p>\n\n\n\n<p>Para el municipio de <a href=\"https:\/\/es.wikipedia.org\/wiki\/C%C3%A1%C3%B1ar\">Ca\u00f1ar<\/a> se recopilaron datos de carca de 1.000 hojas catastrales correspondientes a tres pol\u00edgonos para un total de 967 parcelas, del catastro levantado sobre 1920. Esta informaci\u00f3n se volc\u00f3 en una base de datos en la que se registraron todos los usos que se presentan en cada una de las parcelas, la superficie que ocupa y el porcentaje relativo al \u00e1rea que supone ese uso, con respeto al total de esa parcela. Igualmente se procedi\u00f3 a contabilizar el arbolado presente en cada parcela. Se ha implementado un visualizador web geogr\u00e1fico que permite acceder a esta informaci\u00f3n. Este trabajo ha sido elaborado gracias al convenio entre la Universidad de Granada y la Consejer\u00eda de Agricultura, Ganader\u00eda, Pesca y Sostenibilidad de la Junta de Andaluc\u00eda, que da soporte al Observatorio de Cambio Global de Sierra Nevada y a la Fundaci\u00f3n Biodiversidad. <a href=\"https:\/\/obsnev.es\/en\/mapa-catastral-de-canar-1920\/\">Leer m\u00e1s\u2026<\/a><\/p>\n<\/div>\n\n\n\n<div class=\"wp-block-column is-layout-flow wp-block-column-is-layout-flow\" style=\"flex-basis:66.66%\">\n<div class=\"wp-block-image\"><figure class=\"aligncenter size-vp_md\"><img decoding=\"async\" src=\"https:\/\/obsnev.es\/wp-content\/uploads\/2020\/04\/Usos_1920_can\u0303ar_2-642x800.jpg\" alt=\"\" class=\"wp-image-1009660\"\/><figcaption>Mapa catastral de C\u00e1\u00f1ar de 1920. <br>Pol\u00edgono 3.<\/figcaption><\/figure><\/div>\n<\/div>\n<\/div>","protected":false},"excerpt":{"rendered":"<p>Para el municipio de Ca\u00f1ar se recopilaron datos de carca de 1.000 hojas catastrales correspondientes a tres pol\u00edgonos para un total de 967 parcelas, del catastro levantado sobre 1920. Esta informaci\u00f3n se volc\u00f3 en una base de datos en la que se registraron todos los usos que se presentan en cada una de las parcelas, [&hellip;]<\/p>\n","protected":false},"author":66,"featured_media":1009663,"comment_status":"open","ping_status":"closed","sticky":false,"template":"","format":"standard","meta":{"_acf_changed":false,"footnotes":""},"categories":[8,222,234],"tags":[175,49,90,65],"class_list":["post-1009652","post","type-post","status-publish","format-standard","has-post-thumbnail","hentry","category-canal-de-noticias","category-observatorio-de-cambio-global","category-sierra-nevada","tag-informacion-historica","tag-sierra-nevada","tag-socioeconomia","tag-usos-del-suelo"],"acf":[],"aioseo_notices":[],"_links":{"self":[{"href":"https:\/\/obsnev.es\/en\/wp-json\/wp\/v2\/posts\/1009652","targetHints":{"allow":["GET"]}}],"collection":[{"href":"https:\/\/obsnev.es\/en\/wp-json\/wp\/v2\/posts"}],"about":[{"href":"https:\/\/obsnev.es\/en\/wp-json\/wp\/v2\/types\/post"}],"author":[{"embeddable":true,"href":"https:\/\/obsnev.es\/en\/wp-json\/wp\/v2\/users\/66"}],"replies":[{"embeddable":true,"href":"https:\/\/obsnev.es\/en\/wp-json\/wp\/v2\/comments?post=1009652"}],"version-history":[{"count":0,"href":"https:\/\/obsnev.es\/en\/wp-json\/wp\/v2\/posts\/1009652\/revisions"}],"wp:featuredmedia":[{"embeddable":true,"href":"https:\/\/obsnev.es\/en\/wp-json\/wp\/v2\/media\/1009663"}],"wp:attachment":[{"href":"https:\/\/obsnev.es\/en\/wp-json\/wp\/v2\/media?parent=1009652"}],"wp:term":[{"taxonomy":"category","embeddable":true,"href":"https:\/\/obsnev.es\/en\/wp-json\/wp\/v2\/categories?post=1009652"},{"taxonomy":"post_tag","embeddable":true,"href":"https:\/\/obsnev.es\/en\/wp-json\/wp\/v2\/tags?post=1009652"}],"curies":[{"name":"wp","href":"https:\/\/api.w.org\/{rel}","templated":true}]}}