{"id":1009845,"date":"2020-11-10T11:49:57","date_gmt":"2020-11-10T10:49:57","guid":{"rendered":"https:\/\/obsnev.es\/?p=1009845"},"modified":"2020-11-10T11:49:57","modified_gmt":"2020-11-10T10:49:57","slug":"instalacion-red-de-sensores-robledales-sierra-nevada","status":"publish","type":"post","link":"https:\/\/obsnev.es\/en\/instalacion-red-de-sensores-robledales-sierra-nevada\/","title":{"rendered":"Instalaci\u00f3n y puesta a punto de una red de sensores inal\u00e1mbricos de \u00faltima generaci\u00f3n en los robledales de Sierra Nevada"},"content":{"rendered":"<p>La monitorizaci\u00f3n intensiva de zonas en las que se concentra la investigaci\u00f3n y los seguimientos en Sierra Nevada es uno de los pilares fundamentales del Observatorio de Cambio Global de Sierra Nevada. Por ello, durante los \u00faltimos a\u00f1os se ha ejecutado un programa de monitoreo intensivo a largo plazo con alta resoluci\u00f3n espacial y temporal en el municipio de Ca\u00f1ar para evaluar los efectos del cambio global en los robledales&nbsp;de Sierra Nevada, donde tenemos instalada la primera red de sensores.<\/p>\n\n\n\n<div class=\"wp-block-group\"><div class=\"wp-block-group__inner-container is-layout-flow wp-block-group-is-layout-flow\">\n<div class=\"wp-block-group\"><div class=\"wp-block-group__inner-container is-layout-flow wp-block-group-is-layout-flow\">\n<figure class=\"wp-block-gallery aligncenter columns-2 is-cropped wp-block-gallery-1 is-layout-flex wp-block-gallery-is-layout-flex\"><ul class=\"blocks-gallery-grid\"><li class=\"blocks-gallery-item\"><figure><img fetchpriority=\"high\" decoding=\"async\" width=\"768\" height=\"1024\" src=\"https:\/\/obsnev.es\/wp-content\/uploads\/2020\/11\/Imagen_San_Juan-768x1024.jpg\" alt=\"\" data-id=\"1009846\" data-full-url=\"https:\/\/obsnev.es\/wp-content\/uploads\/2020\/11\/Imagen_San_Juan.jpg\" data-link=\"https:\/\/obsnev.es\/?attachment_id=1009846\" class=\"wp-image-1009846\" srcset=\"https:\/\/obsnev.es\/wp-content\/uploads\/2020\/11\/Imagen_San_Juan-768x1024.jpg 768w, https:\/\/obsnev.es\/wp-content\/uploads\/2020\/11\/Imagen_San_Juan-225x300.jpg 225w, https:\/\/obsnev.es\/wp-content\/uploads\/2020\/11\/Imagen_San_Juan-1152x1536.jpg 1152w, https:\/\/obsnev.es\/wp-content\/uploads\/2020\/11\/Imagen_San_Juan-9x12.jpg 9w, https:\/\/obsnev.es\/wp-content\/uploads\/2020\/11\/Imagen_San_Juan.jpg 1512w\" sizes=\"(max-width: 768px) 100vw, 768px\" \/><\/figure><\/li><li class=\"blocks-gallery-item\"><figure><img decoding=\"async\" width=\"768\" height=\"1024\" src=\"https:\/\/obsnev.es\/wp-content\/uploads\/2020\/10\/Sensor-foto.jpeg\" alt=\"\" data-id=\"1009835\" data-full-url=\"https:\/\/obsnev.es\/wp-content\/uploads\/2020\/10\/Sensor-foto.jpeg\" data-link=\"https:\/\/obsnev.es\/observatorio-de-cambio-global-de-sierra-nevada\/sensor-foto\/\" class=\"wp-image-1009835\" srcset=\"https:\/\/obsnev.es\/wp-content\/uploads\/2020\/10\/Sensor-foto.jpeg 768w, https:\/\/obsnev.es\/wp-content\/uploads\/2020\/10\/Sensor-foto-225x300.jpeg 225w, https:\/\/obsnev.es\/wp-content\/uploads\/2020\/10\/Sensor-foto-9x12.jpeg 9w\" sizes=\"(max-width: 768px) 100vw, 768px\" \/><\/figure><\/li><\/ul><\/figure>\n<\/div><\/div>\n<\/div><\/div>\n\n\n\n<p>Ahora estamos desplegando una red de sensores similar (pero m\u00e1s avanzados tecnol\u00f3gicamente) a la que ya existe en el robledal de Ca\u00f1ar, en los robledales que aparecen en la Dehesa del Camarate y en la Loma de San Juan, para comparar las condiciones ecol\u00f3gicas del mismo tipo de ecosistema (robledal) en exposiciones contrastadas de Sierra Nevada (sur, oeste y norte). De esta forma obtenemos informaci\u00f3n muy detallada sobre temperatura y humedad de suelo y aire en los robledales de Sierra Nevada, lo que nos permitir\u00e1 analizar las respuestas ecofisiol\u00f3gicas del bosque frente al cambio clim\u00e1tico.&nbsp;Dicha informaci\u00f3n nos sirve para interpretar la manera en que las medidas de temperatura y precipitaci\u00f3n que&nbsp;<strong><a href=\"https:\/\/obsnev.es\/en\/estaciones-de-monitoreo-intensivo\/\">proporcionan las torres multiparam\u00e9tricas instaladas en Sierra Nevada<\/a><\/strong>, equipadas con sensores meteorol\u00f3gicos homologados por la AEMET,&nbsp;&nbsp;se trasladan a una escala de resoluci\u00f3n espacial muy fina, y se expresan en medidas muy relevantes para la ecofisiolog\u00eda de plantas, animales y microorganismos: la temperatura y humedad del suelo y aire en diferentes microh\u00e1bitats y profundidades del suelo.&nbsp;Este despliegue de sensores de \u00faltima generaci\u00f3n en exposiciones contrastadas nos permite situarnos a la vanguardia de los seguimientos del cambio global en regiones de monta\u00f1a en Europa.<\/p>\n\n\n\n<p><strong><a href=\"https:\/\/obsnev.es\/wp-content\/uploads\/2020\/11\/INSTALACION-RED-SENSORES.pdf\">El sistema de sensores que estamos desplegando<\/a><\/strong>\u00a0en los robledales de Sierra Nevada consiste en una red de sensores digitales multiparam\u00e9tricos de \u00faltima generaci\u00f3n, basada en sensores aut\u00f3nomos, con conectividad integrada, alimentado por bater\u00edas lipo de 4100 mAh, con modulo auto-recargable por panel solar externo que trabaje sin necesidad de establecer una red, y conexi\u00f3n GPRS o 4G. De esta forma se logra garantizar el env\u00edo en tiempo real de la informaci\u00f3n.<\/p>\n\n\n\n<a rel=\"license\" href=\"http:\/\/creativecommons.org\/licenses\/by\/4.0\/\"><img decoding=\"async\" class=\"auto-width-image\" alt=\"Licencia de Creative Commons\" style=\"border-width:0\" src=\"https:\/\/i.creativecommons.org\/l\/by\/4.0\/88x31.png\" \/><\/a><br \/>Este obra est\u00e1 bajo una <a rel=\"license\" href=\"http:\/\/creativecommons.org\/licenses\/by\/4.0\/\">licencia de Creative Commons Reconocimiento 4.0 Internacional<\/a>.","protected":false},"excerpt":{"rendered":"<p>La monitorizaci\u00f3n intensiva de zonas en las que se concentra la investigaci\u00f3n y los seguimientos en Sierra Nevada es uno de los pilares fundamentales del Observatorio de Cambio Global de Sierra Nevada. Por ello, durante los \u00faltimos a\u00f1os se ha ejecutado un programa de monitoreo intensivo a largo plazo con alta resoluci\u00f3n espacial y temporal [&hellip;]<\/p>\n","protected":false},"author":1,"featured_media":1009833,"comment_status":"open","ping_status":"closed","sticky":false,"template":"","format":"standard","meta":{"_acf_changed":false,"footnotes":""},"categories":[8,222,234],"tags":[228,240,241,230,142,49,242],"class_list":["post-1009845","post","type-post","status-publish","format-standard","has-post-thumbnail","hentry","category-canal-de-noticias","category-observatorio-de-cambio-global","category-sierra-nevada","tag-canar","tag-dehesa-de-san-juan","tag-dehesa-del-camarate","tag-robledal","tag-sensores","tag-sierra-nevada","tag-soportujar"],"acf":[],"aioseo_notices":[],"_links":{"self":[{"href":"https:\/\/obsnev.es\/en\/wp-json\/wp\/v2\/posts\/1009845","targetHints":{"allow":["GET"]}}],"collection":[{"href":"https:\/\/obsnev.es\/en\/wp-json\/wp\/v2\/posts"}],"about":[{"href":"https:\/\/obsnev.es\/en\/wp-json\/wp\/v2\/types\/post"}],"author":[{"embeddable":true,"href":"https:\/\/obsnev.es\/en\/wp-json\/wp\/v2\/users\/1"}],"replies":[{"embeddable":true,"href":"https:\/\/obsnev.es\/en\/wp-json\/wp\/v2\/comments?post=1009845"}],"version-history":[{"count":0,"href":"https:\/\/obsnev.es\/en\/wp-json\/wp\/v2\/posts\/1009845\/revisions"}],"wp:featuredmedia":[{"embeddable":true,"href":"https:\/\/obsnev.es\/en\/wp-json\/wp\/v2\/media\/1009833"}],"wp:attachment":[{"href":"https:\/\/obsnev.es\/en\/wp-json\/wp\/v2\/media?parent=1009845"}],"wp:term":[{"taxonomy":"category","embeddable":true,"href":"https:\/\/obsnev.es\/en\/wp-json\/wp\/v2\/categories?post=1009845"},{"taxonomy":"post_tag","embeddable":true,"href":"https:\/\/obsnev.es\/en\/wp-json\/wp\/v2\/tags?post=1009845"}],"curies":[{"name":"wp","href":"https:\/\/api.w.org\/{rel}","templated":true}]}}