{"id":1009877,"date":"2021-01-22T12:38:21","date_gmt":"2021-01-22T11:38:21","guid":{"rendered":"https:\/\/obsnev.es\/?p=1009877"},"modified":"2021-01-22T12:38:21","modified_gmt":"2021-01-22T11:38:21","slug":"vitalex-un-proyecto-para-evaluar-la-evolucion-del-lexico-en-la-alpujarra","status":"publish","type":"post","link":"https:\/\/obsnev.es\/en\/vitalex-un-proyecto-para-evaluar-la-evolucion-del-lexico-en-la-alpujarra\/","title":{"rendered":"Vitalex: un proyecto para evaluar la evoluci\u00f3n del l\u00e9xico en La Alpujarra"},"content":{"rendered":"<div class=\"wp-block-columns is-layout-flex wp-container-core-columns-is-layout-28f84493 wp-block-columns-is-layout-flex\">\n<div class=\"wp-block-column is-layout-flow wp-block-column-is-layout-flow\" style=\"flex-basis:33.33%\">\n<p><\/p>\n\n\n\n<p><strong>Este proyecto aborda la comparaci\u00f3n entre el an\u00e1lisis del l\u00e9xico que se realiz\u00f3 por el Atlas ling\u00fc\u00edstico y etnogr\u00e1fico de Andaluc\u00eda  (ALEA) en 1961 con el actual para determinar el vocabulario que ha pervivido, qu\u00e9 es lo que se ha perdido, por cu\u00e1l se ha sustituido, qu\u00e9 l\u00e9xico ha disminuido su frecuencia, o cu\u00e1l pertenece ya al inventario pasivo de los hablantes.<\/strong><\/p>\n\n\n\n<p><strong>La metodolog\u00eda consiste en volver a encuestar cada uno de los puntos del estudio anterior, para tratar de establecer una comparativa y por tanto, determinar la variaci\u00f3n l\u00e9xica y etnogr\u00e1fica que ha habido desde que se realizaran las encuestas de ALEA, hasta la actualidad.<\/strong> <strong>Por ello se aplica el mismo cuestionario del atlas andaluz, con objeto de obtener datos comparables que permitan ofrecer un bosquejo de la vida de las palabras: esta vida, en muchos casos, acaba en muerte o sustituci\u00f3n l\u00e9xica, bien porque desparecen las cosas que designan, bien porque entran en pugna con otras.<\/strong><\/p>\n<\/div>\n\n\n\n<div class=\"wp-block-column is-layout-flow wp-block-column-is-layout-flow\" style=\"flex-basis:66.66%\">\n<figure class=\"wp-block-image alignwide size-medium\"><img fetchpriority=\"high\" decoding=\"async\" width=\"300\" height=\"201\" src=\"https:\/\/obsnev.es\/wp-content\/uploads\/2021\/01\/IMGP2228-1-300x201.jpg\" alt=\"\" class=\"wp-image-1009889\" srcset=\"https:\/\/obsnev.es\/wp-content\/uploads\/2021\/01\/IMGP2228-1-300x201.jpg 300w, https:\/\/obsnev.es\/wp-content\/uploads\/2021\/01\/IMGP2228-1-1024x686.jpg 1024w, https:\/\/obsnev.es\/wp-content\/uploads\/2021\/01\/IMGP2228-1-768x514.jpg 768w, https:\/\/obsnev.es\/wp-content\/uploads\/2021\/01\/IMGP2228-1-1536x1028.jpg 1536w, https:\/\/obsnev.es\/wp-content\/uploads\/2021\/01\/IMGP2228-1-18x12.jpg 18w, https:\/\/obsnev.es\/wp-content\/uploads\/2021\/01\/IMGP2228-1.jpg 2048w\" sizes=\"(max-width: 300px) 100vw, 300px\" \/><\/figure>\n<\/div>\n<\/div>\n\n\n\n<p>Mas informaci\u00f3n en <a href=\"http:\/\/www.proyectovitalex.es\/\">http:\/\/www.proyectovitalex.es\/<\/a> y en <a href=\"https:\/\/canal.ugr.es\/noticia\/el-proyecto-vitalex-analiza-las-palabras-que-se-estan-perdiendo-en-la-alpujarra-de-granada\/\">CanalUGR<\/a><\/p>","protected":false},"excerpt":{"rendered":"<p>Este proyecto aborda la comparaci\u00f3n entre el an\u00e1lisis del l\u00e9xico que se realiz\u00f3 por el Atlas ling\u00fc\u00edstico y etnogr\u00e1fico de Andaluc\u00eda (ALEA) en 1961 con el actual para determinar el vocabulario que ha pervivido, qu\u00e9 es lo que se ha perdido, por cu\u00e1l se ha sustituido, qu\u00e9 l\u00e9xico ha disminuido su frecuencia, o cu\u00e1l pertenece [&hellip;]<\/p>\n","protected":false},"author":66,"featured_media":1009880,"comment_status":"open","ping_status":"closed","sticky":false,"template":"","format":"standard","meta":{"_acf_changed":false,"footnotes":""},"categories":[8,234],"tags":[247,248,175,249,49,90],"class_list":["post-1009877","post","type-post","status-publish","format-standard","has-post-thumbnail","hentry","category-canal-de-noticias","category-sierra-nevada","tag-alpujarra","tag-etnografia","tag-informacion-historica","tag-lexico","tag-sierra-nevada","tag-socioeconomia"],"acf":[],"aioseo_notices":[],"_links":{"self":[{"href":"https:\/\/obsnev.es\/en\/wp-json\/wp\/v2\/posts\/1009877","targetHints":{"allow":["GET"]}}],"collection":[{"href":"https:\/\/obsnev.es\/en\/wp-json\/wp\/v2\/posts"}],"about":[{"href":"https:\/\/obsnev.es\/en\/wp-json\/wp\/v2\/types\/post"}],"author":[{"embeddable":true,"href":"https:\/\/obsnev.es\/en\/wp-json\/wp\/v2\/users\/66"}],"replies":[{"embeddable":true,"href":"https:\/\/obsnev.es\/en\/wp-json\/wp\/v2\/comments?post=1009877"}],"version-history":[{"count":0,"href":"https:\/\/obsnev.es\/en\/wp-json\/wp\/v2\/posts\/1009877\/revisions"}],"wp:featuredmedia":[{"embeddable":true,"href":"https:\/\/obsnev.es\/en\/wp-json\/wp\/v2\/media\/1009880"}],"wp:attachment":[{"href":"https:\/\/obsnev.es\/en\/wp-json\/wp\/v2\/media?parent=1009877"}],"wp:term":[{"taxonomy":"category","embeddable":true,"href":"https:\/\/obsnev.es\/en\/wp-json\/wp\/v2\/categories?post=1009877"},{"taxonomy":"post_tag","embeddable":true,"href":"https:\/\/obsnev.es\/en\/wp-json\/wp\/v2\/tags?post=1009877"}],"curies":[{"name":"wp","href":"https:\/\/api.w.org\/{rel}","templated":true}]}}