{"id":1009906,"date":"2021-02-03T12:13:58","date_gmt":"2021-02-03T11:13:58","guid":{"rendered":"https:\/\/obsnev.es\/?p=1009906"},"modified":"2021-02-03T12:13:58","modified_gmt":"2021-02-03T11:13:58","slug":"las-especies-exoticas-invasoras-amenazan-la-biodiversidad","status":"publish","type":"post","link":"https:\/\/obsnev.es\/en\/las-especies-exoticas-invasoras-amenazan-la-biodiversidad\/","title":{"rendered":"Las especies ex\u00f3ticas invasoras amenazan la biodiversidad"},"content":{"rendered":"<div class=\"wp-block-media-text alignwide has-media-on-the-right is-stacked-on-mobile\" style=\"grid-template-columns:auto 27%\"><figure class=\"wp-block-media-text__media\"><img fetchpriority=\"high\" decoding=\"async\" width=\"735\" height=\"506\" src=\"https:\/\/obsnev.es\/wp-content\/uploads\/2021\/02\/Alcaraz-Vaz-especies-exoticas.png\" alt=\"\" class=\"wp-image-1009907\" srcset=\"https:\/\/obsnev.es\/wp-content\/uploads\/2021\/02\/Alcaraz-Vaz-especies-exoticas.png 735w, https:\/\/obsnev.es\/wp-content\/uploads\/2021\/02\/Alcaraz-Vaz-especies-exoticas-300x207.png 300w, https:\/\/obsnev.es\/wp-content\/uploads\/2021\/02\/Alcaraz-Vaz-especies-exoticas-18x12.png 18w\" sizes=\"(max-width: 735px) 100vw, 735px\" \/><\/figure><div class=\"wp-block-media-text__content\">\n<p class=\"has-large-font-size\">  Los investigadores <strong>Domingo Alcaraz Segura<\/strong>&nbsp;and&nbsp;<strong>Sof\u00eda Vaz<\/strong>&nbsp;(Instituto Interuniversitario de Inv. del Sistema Tierra en Andaluc\u00eda \u2013 IISTA) de la Universidad de Granada,&nbsp; intervienen en el amplio reportaje que&nbsp;<a href=\"https:\/\/www.canalsur.es\/television\/programas\/tesis\/detalle\/62.html\">\u00abTesis\u00bb de Canal Sur<\/a>&nbsp;dedica al efecto que produce la proliferaci\u00f3n de especies ex\u00f3ticas invasoras de flora y fauna en la biodiversidad.  <\/p>\n\n\n\n<p class=\"has-large-font-size\">Los investigadores de la UGR centran su intervenci\u00f3n en explicar los novedosos sistemas de teledetecci\u00f3n, basados en el uso de sat\u00e9lites, TICs o t\u00e9cnicas de Inteligencia Artificial) que se utilizan actualmente para el seguimiento y erradicaci\u00f3n de especies ex\u00f3ticas invasoras.  <\/p>\n<\/div><\/div>\n\n\n\n<figure class=\"wp-block-video aligncenter\"><video width=\"80%\" controls=\"\" src=\"https:\/\/canal.ugr.es\/wp-content\/uploads\/2021\/01\/tesis-especies-invasoras-online-video-cutter.com-1.mp4?_=1\"><\/video><\/figure>","protected":false},"excerpt":{"rendered":"<p>Los investigadores Domingo Alcaraz Segura&nbsp;y&nbsp;Sof\u00eda Vaz&nbsp;(Instituto Interuniversitario de Inv. del Sistema Tierra en Andaluc\u00eda \u2013 IISTA) de la Universidad de Granada,&nbsp; intervienen en el amplio reportaje que&nbsp;\u00abTesis\u00bb de Canal Sur&nbsp;dedica al efecto que produce la proliferaci\u00f3n de especies ex\u00f3ticas invasoras de flora y fauna en la biodiversidad. Los investigadores de la UGR centran su intervenci\u00f3n [&hellip;]<\/p>\n","protected":false},"author":1,"featured_media":1009921,"comment_status":"open","ping_status":"closed","sticky":false,"template":"","format":"standard","meta":{"_acf_changed":false,"footnotes":""},"categories":[8,222,234],"tags":[254,244],"class_list":["post-1009906","post","type-post","status-publish","format-standard","has-post-thumbnail","hentry","category-canal-de-noticias","category-observatorio-de-cambio-global","category-sierra-nevada","tag-especies-exoticas-invasoras-biodiversidad-teledeteccion","tag-inteligencia-artificial"],"acf":[],"aioseo_notices":[],"_links":{"self":[{"href":"https:\/\/obsnev.es\/en\/wp-json\/wp\/v2\/posts\/1009906","targetHints":{"allow":["GET"]}}],"collection":[{"href":"https:\/\/obsnev.es\/en\/wp-json\/wp\/v2\/posts"}],"about":[{"href":"https:\/\/obsnev.es\/en\/wp-json\/wp\/v2\/types\/post"}],"author":[{"embeddable":true,"href":"https:\/\/obsnev.es\/en\/wp-json\/wp\/v2\/users\/1"}],"replies":[{"embeddable":true,"href":"https:\/\/obsnev.es\/en\/wp-json\/wp\/v2\/comments?post=1009906"}],"version-history":[{"count":0,"href":"https:\/\/obsnev.es\/en\/wp-json\/wp\/v2\/posts\/1009906\/revisions"}],"wp:featuredmedia":[{"embeddable":true,"href":"https:\/\/obsnev.es\/en\/wp-json\/wp\/v2\/media\/1009921"}],"wp:attachment":[{"href":"https:\/\/obsnev.es\/en\/wp-json\/wp\/v2\/media?parent=1009906"}],"wp:term":[{"taxonomy":"category","embeddable":true,"href":"https:\/\/obsnev.es\/en\/wp-json\/wp\/v2\/categories?post=1009906"},{"taxonomy":"post_tag","embeddable":true,"href":"https:\/\/obsnev.es\/en\/wp-json\/wp\/v2\/tags?post=1009906"}],"curies":[{"name":"wp","href":"https:\/\/api.w.org\/{rel}","templated":true}]}}