{"id":1009988,"date":"2021-04-09T14:04:24","date_gmt":"2021-04-09T12:04:24","guid":{"rendered":"https:\/\/obsnev.es\/?p=1009988"},"modified":"2021-04-09T14:04:24","modified_gmt":"2021-04-09T12:04:24","slug":"seguimiento-de-deposicion-de-aerosoles-atmosfericos-en-canar-sierra-nevada","status":"publish","type":"post","link":"https:\/\/obsnev.es\/en\/seguimiento-de-deposicion-de-aerosoles-atmosfericos-en-canar-sierra-nevada\/","title":{"rendered":"Seguimiento de deposici\u00f3n de aerosoles atmosf\u00e9ricos en Ca\u00f1ar (Sierra Nevada)"},"content":{"rendered":"<p>La din\u00e1mica de la deposici\u00f3n de polvo atmosf\u00e9rico en la cuenca mediterr\u00e1nea occidental est\u00e1 fuertemente afectada por las intrusiones de polvo sahariano. Para conocer la variabilidad de la deposici\u00f3n de forma precisa a escala regional, los doctores G. Bergametti y F. Dulac, del CNRS franc\u00e9s, lideran un programa, llamado ChArMex que, entre otras actividades, promueve la instalaci\u00f3n de colectores autom\u00e1ticos de deposici\u00f3n mineral (CARAGA) de nuevo dise\u00f1o. El despliegue de estos colectores, 8 en total, desde Lampedusa, cerca de la costa norte africana, hasta el sur de los Alpes franceses, cubren la cuenca occidental del Mediterr\u00e1neo. Estos colectores permiten recoger la deposici\u00f3n de polvo de forma simult\u00e1nea en todas las localidades, con una frecuencia semanal, e implica la colaboraci\u00f3n de investigadores de Francia, Italia y Espa\u00f1a. En este contexto y gracias a la Acci\u00f3n Complementaria CTM2011-14036-E (Ministerio Ciencia e Innovaci\u00f3n) y al Campus de Excelencia Internacional BioTic Granada. (Ref. 20F12\/23), se instal\u00f3 un colector CARAGA en Ca\u00f1ar (Sierra Nevada, Granada) que estuvo operativo en el periodo 2012-2015. Los datos obtenidos est\u00e1n depositados, bajo la responsabilidad de Rafael Morales-Baquero, en la base de datos MISTRALS: programa ChArMex; red terrestre CARAGA (<a href=\"https:\/\/mistrals.sedoo.fr\">https:\/\/mistrals.sedoo.fr<\/a>).<\/p>\n\n\n\n<figure class=\"wp-block-image size-large\"><img fetchpriority=\"high\" decoding=\"async\" width=\"1024\" height=\"686\" src=\"https:\/\/obsnev.es\/wp-content\/uploads\/2021\/04\/IMGP1348-1024x686.jpg\" alt=\"\" class=\"wp-image-1009993\" srcset=\"https:\/\/obsnev.es\/wp-content\/uploads\/2021\/04\/IMGP1348-1024x686.jpg 1024w, https:\/\/obsnev.es\/wp-content\/uploads\/2021\/04\/IMGP1348-300x201.jpg 300w, https:\/\/obsnev.es\/wp-content\/uploads\/2021\/04\/IMGP1348-768x514.jpg 768w, https:\/\/obsnev.es\/wp-content\/uploads\/2021\/04\/IMGP1348-1536x1028.jpg 1536w, https:\/\/obsnev.es\/wp-content\/uploads\/2021\/04\/IMGP1348-18x12.jpg 18w, https:\/\/obsnev.es\/wp-content\/uploads\/2021\/04\/IMGP1348.jpg 2048w\" sizes=\"(max-width: 1024px) 100vw, 1024px\" \/><figcaption>Vista panor\u00e1mica del robledal de C\u00e1\u00f1ar (Sierra Nevada)<\/figcaption><\/figure>\n\n\n\n<p>M\u00e1s informaci\u00f3n en:<\/p>\n\n\n\n<p><a href=\"https:\/\/scholar.google.es\/scholar?oi=bibs&amp;cluster=10167677217491951402&amp;btnI=1&amp;hl=es\">J. Vincent, B. Laurent, R. Losno, E. Bon Nguyen, P. Roullet, S. Sauvage, S. Chevaillier, P. Coddeville, N. Ouboulmane, A.G. di Sarra, A. Tovar-S\u00e1nchez, D. Sferlazzo, A. Massanet, S. Triquet, R. Morales-Baquero, M. Fornier, C. Coursier, K. Desboeufs, F. Dulac, G. Bergametti.&nbsp; 2016.<em>Variability of mineral dust deposition in the western Mediterranean basin and South-East of France. <\/em>Atmospheric Chemistry and Physics, 16(14): 8749- 8766<\/a><\/p>","protected":false},"excerpt":{"rendered":"<p>La din\u00e1mica de la deposici\u00f3n de polvo atmosf\u00e9rico en la cuenca mediterr\u00e1nea occidental est\u00e1 fuertemente afectada por las intrusiones de polvo sahariano. Para conocer la variabilidad de la deposici\u00f3n de forma precisa a escala regional, los doctores G. Bergametti y F. Dulac, del CNRS franc\u00e9s, lideran un programa, llamado ChArMex que, entre otras actividades, promueve [&hellip;]<\/p>\n","protected":false},"author":1,"featured_media":1009996,"comment_status":"open","ping_status":"closed","sticky":false,"template":"","format":"standard","meta":{"_acf_changed":false,"footnotes":""},"categories":[8,222,234],"tags":[202,204,223,258,259],"class_list":["post-1009988","post","type-post","status-publish","format-standard","has-post-thumbnail","hentry","category-canal-de-noticias","category-observatorio-de-cambio-global","category-sierra-nevada","tag-aerosoles","tag-deposicion-atmosferica","tag-observatorio-de-cambio-global-de-sierra-nevada","tag-polvo-sahariano","tag-programa-charmex"],"acf":[],"aioseo_notices":[],"_links":{"self":[{"href":"https:\/\/obsnev.es\/en\/wp-json\/wp\/v2\/posts\/1009988","targetHints":{"allow":["GET"]}}],"collection":[{"href":"https:\/\/obsnev.es\/en\/wp-json\/wp\/v2\/posts"}],"about":[{"href":"https:\/\/obsnev.es\/en\/wp-json\/wp\/v2\/types\/post"}],"author":[{"embeddable":true,"href":"https:\/\/obsnev.es\/en\/wp-json\/wp\/v2\/users\/1"}],"replies":[{"embeddable":true,"href":"https:\/\/obsnev.es\/en\/wp-json\/wp\/v2\/comments?post=1009988"}],"version-history":[{"count":0,"href":"https:\/\/obsnev.es\/en\/wp-json\/wp\/v2\/posts\/1009988\/revisions"}],"wp:featuredmedia":[{"embeddable":true,"href":"https:\/\/obsnev.es\/en\/wp-json\/wp\/v2\/media\/1009996"}],"wp:attachment":[{"href":"https:\/\/obsnev.es\/en\/wp-json\/wp\/v2\/media?parent=1009988"}],"wp:term":[{"taxonomy":"category","embeddable":true,"href":"https:\/\/obsnev.es\/en\/wp-json\/wp\/v2\/categories?post=1009988"},{"taxonomy":"post_tag","embeddable":true,"href":"https:\/\/obsnev.es\/en\/wp-json\/wp\/v2\/tags?post=1009988"}],"curies":[{"name":"wp","href":"https:\/\/api.w.org\/{rel}","templated":true}]}}