{"id":1010001,"date":"2021-05-11T12:41:22","date_gmt":"2021-05-11T10:41:22","guid":{"rendered":"https:\/\/obsnev.es\/?p=1010001"},"modified":"2021-05-11T12:41:22","modified_gmt":"2021-05-11T10:41:22","slug":"monografico-de-ecosistemas-cambio-global-y-montanas","status":"publish","type":"post","link":"https:\/\/obsnev.es\/en\/monografico-de-ecosistemas-cambio-global-y-montanas\/","title":{"rendered":"Monogr\u00e1fico de Ecosistemas: Cambio Global y monta\u00f1as"},"content":{"rendered":"<p>La revista \u00abEcosistemas\u00bb ha editado un monogr\u00e1fico centrado en las investigaciones sobre el cambio global en las monta\u00f1as. <\/p>\n\n\n\n<p>El cambio global incluye, adem\u00e1s del cambio clim\u00e1tico, la modificaci\u00f3n del uso del suelo, el manejo de los recursos naturales, el aumento paulatino de la presencia de especies invasoras, la destrucci\u00f3n de h\u00e1bitats, as\u00ed como la alteraci\u00f3n de los ciclos biogeoqu\u00edmicos.  Por ello, \u00abEcosistemas\u00bb ha decidido editar este n\u00famero que muestra el importante esfuerzo investigador que se est\u00e1 llevando a cabo para entender y tratar de mitigar las consecuencias de estos cambios para la conservaci\u00f3n de la biodiversidad y de ecosistemas funcionales (Rodr\u00edguez-Echeverr\u00eda, S. 2021).<\/p>\n\n\n\n<p>El Observatorio de Cambio Global de Sierra Nevada ha contribuido a este volumen con dos importantes aportaciones: \u00ab<a href=\"https:\/\/www.revistaecosistemas.net\/index.php\/ecosistemas\/article\/view\/2155\">ClimaNevada: Base de datos clim\u00e1tica del Observatorio de Cambio Global de Sierra Nevada<\/a>\u00ab, d\u00f3nde se presenta una base de datos robusta sobre informaci\u00f3n clim\u00e1tica en Sierra Nevada, que armoniza, documenta e integra datos clim\u00e1ticos procedentes de estaciones meteorol\u00f3gicas y de sensores y \u00ab<a href=\"https:\/\/www.revistaecosistemas.net\/index.php\/ecosistemas\/article\/view\/2166\">Uniendo macro y microclima en paisajes de monta\u00f1a: una aproximaci\u00f3n conceptual e instrumental<\/a>\u00ab,  una propuesta conceptual e instrumental para caracterizar los microclimas en ecosistemas de monta\u00f1a y avanzar en el proceso de integraci\u00f3n entre macro y microescalas.<\/p>\n\n\n\n<p><\/p>\n\n\n\n<p><em>Rodr\u00edguez-Echeverr\u00eda, S. (2021). Cambio global y monta\u00f1as.&nbsp;Ecosistemas,&nbsp;30(1), 2218. <a href=\"https:\/\/doi.org\/10.7818\/ECOS.2218\">https:\/\/doi.org\/10.7818\/ECOS.2218<\/a><\/em> <\/p>\n\n\n\n<div class=\"wp-block-image\"><figure class=\"aligncenter size-vp_sm is-resized\"><img fetchpriority=\"high\" decoding=\"async\" src=\"https:\/\/obsnev.es\/wp-content\/uploads\/2021\/05\/ecosistemas-357x500.png\" alt=\"\" class=\"wp-image-1010002\" width=\"621\" height=\"869\"\/><\/figure><\/div>","protected":false},"excerpt":{"rendered":"<p>La revista \u00abEcosistemas\u00bb ha editado un monogr\u00e1fico centrado en las investigaciones sobre el cambio global en las monta\u00f1as. El cambio global incluye, adem\u00e1s del cambio clim\u00e1tico, la modificaci\u00f3n del uso del suelo, el manejo de los recursos naturales, el aumento paulatino de la presencia de especies invasoras, la destrucci\u00f3n de h\u00e1bitats, as\u00ed como la alteraci\u00f3n [&hellip;]<\/p>\n","protected":false},"author":1,"featured_media":1010014,"comment_status":"open","ping_status":"closed","sticky":false,"template":"","format":"standard","meta":{"_acf_changed":false,"footnotes":""},"categories":[8,222,234],"tags":[18,250,251,27,260,59,49],"class_list":["post-1010001","post","type-post","status-publish","format-standard","has-post-thumbnail","hentry","category-canal-de-noticias","category-observatorio-de-cambio-global","category-sierra-nevada","tag-cambio-global","tag-climanevada","tag-datos-climaticos","tag-estaciones-meteorologicas","tag-microclima","tag-observatorio-cambio-global-sierra-nevada","tag-sierra-nevada"],"acf":[],"aioseo_notices":[],"_links":{"self":[{"href":"https:\/\/obsnev.es\/en\/wp-json\/wp\/v2\/posts\/1010001","targetHints":{"allow":["GET"]}}],"collection":[{"href":"https:\/\/obsnev.es\/en\/wp-json\/wp\/v2\/posts"}],"about":[{"href":"https:\/\/obsnev.es\/en\/wp-json\/wp\/v2\/types\/post"}],"author":[{"embeddable":true,"href":"https:\/\/obsnev.es\/en\/wp-json\/wp\/v2\/users\/1"}],"replies":[{"embeddable":true,"href":"https:\/\/obsnev.es\/en\/wp-json\/wp\/v2\/comments?post=1010001"}],"version-history":[{"count":0,"href":"https:\/\/obsnev.es\/en\/wp-json\/wp\/v2\/posts\/1010001\/revisions"}],"wp:featuredmedia":[{"embeddable":true,"href":"https:\/\/obsnev.es\/en\/wp-json\/wp\/v2\/media\/1010014"}],"wp:attachment":[{"href":"https:\/\/obsnev.es\/en\/wp-json\/wp\/v2\/media?parent=1010001"}],"wp:term":[{"taxonomy":"category","embeddable":true,"href":"https:\/\/obsnev.es\/en\/wp-json\/wp\/v2\/categories?post=1010001"},{"taxonomy":"post_tag","embeddable":true,"href":"https:\/\/obsnev.es\/en\/wp-json\/wp\/v2\/tags?post=1010001"}],"curies":[{"name":"wp","href":"https:\/\/api.w.org\/{rel}","templated":true}]}}