{"id":1010169,"date":"2021-09-24T10:27:39","date_gmt":"2021-09-24T08:27:39","guid":{"rendered":"https:\/\/obsnev.es\/?p=1010169"},"modified":"2021-09-24T10:27:39","modified_gmt":"2021-09-24T08:27:39","slug":"dejamos-atras-el-verano","status":"publish","type":"post","link":"https:\/\/obsnev.es\/en\/dejamos-atras-el-verano\/","title":{"rendered":"Dejamos atr\u00e1s el verano"},"content":{"rendered":"<p>Dejamos atr\u00e1s un largo periodo de escasas precipitaciones y de alta evapotranspiraci\u00f3n, en el que la humedad del suelo ha ido paulatinamente disminuyendo. Los ecosistemas montanos se disponen ahora a pasar del verano al oto\u00f1o, donde esperamos que lleguen las lluvias. En la gr\u00e1fica que se muestra a continuaci\u00f3n se puede observar c\u00f3mo las primeras tormentas que han ca\u00eddo en septiembre en Sierra nevada han producido ya un apreciable aumento de la humedad en suelo. Este dato se recopila gracias a las estaciones microclim\u00e1ticas, que tenemos instaladas en Sierra Nevada, con sensores que proporcionan informaci\u00f3n sobre temperatura y humedad. Los datos que se muestran en la figura corresponden a los valores de humedad de suelo (contenido volum\u00e9trico de agua) que nos proporciona una sonda enterrada &nbsp;en el suelo a 40 cm, informaci\u00f3n clave para conocer la evoluci\u00f3n de la disponibilidad de agua para &nbsp;la vegetaci\u00f3n de monta\u00f1a. Para saber m\u00e1s de la red de seguimiento microclim\u00e1tico en Sierra Nevada <a href=\"https:\/\/obsnev.es\/en\/instalacion-red-de-sensores-robledales-sierra-nevada\/\">pincha aqu\u00ed<\/a>.<\/p>\n\n\n\n<figure class=\"wp-block-image size-large\"><img fetchpriority=\"high\" decoding=\"async\" width=\"700\" height=\"400\" src=\"https:\/\/obsnev.es\/wp-content\/uploads\/2021\/09\/Humedad_claro_san_juan-1.png\" alt=\"\" class=\"wp-image-1010176\" srcset=\"https:\/\/obsnev.es\/wp-content\/uploads\/2021\/09\/Humedad_claro_san_juan-1.png 700w, https:\/\/obsnev.es\/wp-content\/uploads\/2021\/09\/Humedad_claro_san_juan-1-300x171.png 300w, https:\/\/obsnev.es\/wp-content\/uploads\/2021\/09\/Humedad_claro_san_juan-1-18x10.png 18w\" sizes=\"(max-width: 700px) 100vw, 700px\" \/><\/figure>\n\n\n\n<p>Evoluci\u00f3n de la humedad del suelo en % en un enebral a 2200 m.s.n.m.<\/p>","protected":false},"excerpt":{"rendered":"<p>Dejamos atr\u00e1s un largo periodo de escasas precipitaciones y de alta evapotranspiraci\u00f3n, en el que la humedad del suelo ha ido paulatinamente disminuyendo. Los ecosistemas montanos se disponen ahora a pasar del verano al oto\u00f1o, donde esperamos que lleguen las lluvias. En la gr\u00e1fica que se muestra a continuaci\u00f3n se puede observar c\u00f3mo las primeras [&hellip;]<\/p>\n","protected":false},"author":1,"featured_media":1010175,"comment_status":"open","ping_status":"closed","sticky":false,"template":"","format":"standard","meta":{"_acf_changed":false,"footnotes":""},"categories":[8,222],"tags":[18,273,260,59,167],"class_list":["post-1010169","post","type-post","status-publish","format-standard","has-post-thumbnail","hentry","category-canal-de-noticias","category-observatorio-de-cambio-global","tag-cambio-global","tag-humedad-del-suelo","tag-microclima","tag-observatorio-cambio-global-sierra-nevada","tag-redes-de-seguimiento"],"acf":[],"aioseo_notices":[],"_links":{"self":[{"href":"https:\/\/obsnev.es\/en\/wp-json\/wp\/v2\/posts\/1010169","targetHints":{"allow":["GET"]}}],"collection":[{"href":"https:\/\/obsnev.es\/en\/wp-json\/wp\/v2\/posts"}],"about":[{"href":"https:\/\/obsnev.es\/en\/wp-json\/wp\/v2\/types\/post"}],"author":[{"embeddable":true,"href":"https:\/\/obsnev.es\/en\/wp-json\/wp\/v2\/users\/1"}],"replies":[{"embeddable":true,"href":"https:\/\/obsnev.es\/en\/wp-json\/wp\/v2\/comments?post=1010169"}],"version-history":[{"count":0,"href":"https:\/\/obsnev.es\/en\/wp-json\/wp\/v2\/posts\/1010169\/revisions"}],"wp:featuredmedia":[{"embeddable":true,"href":"https:\/\/obsnev.es\/en\/wp-json\/wp\/v2\/media\/1010175"}],"wp:attachment":[{"href":"https:\/\/obsnev.es\/en\/wp-json\/wp\/v2\/media?parent=1010169"}],"wp:term":[{"taxonomy":"category","embeddable":true,"href":"https:\/\/obsnev.es\/en\/wp-json\/wp\/v2\/categories?post=1010169"},{"taxonomy":"post_tag","embeddable":true,"href":"https:\/\/obsnev.es\/en\/wp-json\/wp\/v2\/tags?post=1010169"}],"curies":[{"name":"wp","href":"https:\/\/api.w.org\/{rel}","templated":true}]}}