{"id":1010230,"date":"2022-02-16T09:54:53","date_gmt":"2022-02-16T08:54:53","guid":{"rendered":"https:\/\/obsnev.es\/?p=1010230"},"modified":"2022-02-16T09:54:53","modified_gmt":"2022-02-16T08:54:53","slug":"rios-de-vida","status":"publish","type":"post","link":"https:\/\/obsnev.es\/en\/rios-de-vida\/","title":{"rendered":"R\u00cdOS de VIDA"},"content":{"rendered":"<p>  <strong>R\u00cdOS de VIDA<\/strong>\u00a0nace como la extensi\u00f3n natural de la campa\u00f1a de Ciencia Ciudadana\u00a0<em><a href=\"https:\/\/lagunasdesierranevada.es\/\">74 Oasis Glaciares de Alta Monta\u00f1a\u00a0<\/a><\/em>, cuyo mayor logro consisti\u00f3 en implicar a la sociedad en la investigaci\u00f3n y protecci\u00f3n de las lagunas glaciares de alta monta\u00f1a en Sierra Nevada. Es una iniciativa promovida por un grupo de profesores de la  Universidad de Granada a los que nos une la profunda convicci\u00f3n de que  conservaci\u00f3n y educaci\u00f3n deben ir de la mano. Muchos de los r\u00edos de  nuestra geograf\u00eda se encuentran entre los ecosistemas m\u00e1s amenazados  y  vulnerables por el cambio global. Con la colaboraci\u00f3n de la Fundaci\u00f3n Espa\u00f1ola para la Ciencia y la Tecnolog\u00eda (FECYT), profesores de Institutos  de  Educaci\u00f3n Secundaria y de la Universidad de Granada han aunado esfuerzos  para que los alumnos m\u00e1s j\u00f3venes aprendan a evaluar el  estado ecol\u00f3gico  de los r\u00edos siguiendo las directrices que marca la Directiva Marco de Agua  de la Uni\u00f3n Europea. Con este proyecto pretendemos ilusionar y trasmitir a  los m\u00e1s j\u00f3venes el amor a la Naturaleza.   <\/p>\n\n\n\n<p> Mas informaci\u00f3n en: <a href=\"https:\/\/ecologia.ugr.es\/pages\/riosvida\">https:\/\/ecologia.ugr.es\/pages\/riosvida<\/a> <\/p>\n\n\n\n<p> Acceso al documento: <a href=\"https:\/\/digibug.ugr.es\/handle\/10481\/72752\">https:\/\/digibug.ugr.es\/handle\/10481\/72752<\/a> <\/p>\n\n\n\n<figure class=\"wp-block-image size-large is-resized\"><img fetchpriority=\"high\" decoding=\"async\" src=\"https:\/\/obsnev.es\/wp-content\/uploads\/2022\/02\/Rios-De-Vida-Portada-01-1-722x1024.png\" alt=\"\" class=\"wp-image-1010261\" width=\"508\" height=\"719\" srcset=\"https:\/\/obsnev.es\/wp-content\/uploads\/2022\/02\/Rios-De-Vida-Portada-01-1-722x1024.png 722w, https:\/\/obsnev.es\/wp-content\/uploads\/2022\/02\/Rios-De-Vida-Portada-01-1-212x300.png 212w, https:\/\/obsnev.es\/wp-content\/uploads\/2022\/02\/Rios-De-Vida-Portada-01-1-768x1089.png 768w, https:\/\/obsnev.es\/wp-content\/uploads\/2022\/02\/Rios-De-Vida-Portada-01-1-8x12.png 8w, https:\/\/obsnev.es\/wp-content\/uploads\/2022\/02\/Rios-De-Vida-Portada-01-1.png 875w\" sizes=\"(max-width: 508px) 100vw, 508px\" \/><\/figure>","protected":false},"excerpt":{"rendered":"<p>R\u00cdOS de VIDA\u00a0nace como la extensi\u00f3n natural de la campa\u00f1a de Ciencia Ciudadana\u00a074 Oasis Glaciares de Alta Monta\u00f1a\u00a0, cuyo mayor logro consisti\u00f3 en implicar a la sociedad en la investigaci\u00f3n y protecci\u00f3n de las lagunas glaciares de alta monta\u00f1a en Sierra Nevada. Es una iniciativa promovida por un grupo de profesores de la Universidad de [&hellip;]<\/p>\n","protected":false},"author":1,"featured_media":4522,"comment_status":"open","ping_status":"closed","sticky":false,"template":"","format":"standard","meta":{"_acf_changed":false,"footnotes":""},"categories":[8,222,234],"tags":[291,292,293,287],"class_list":["post-1010230","post","type-post","status-publish","format-standard","has-post-thumbnail","hentry","category-canal-de-noticias","category-observatorio-de-cambio-global","category-sierra-nevada","tag-ciclo-del-agua","tag-cuenca-hidrografica","tag-ecosistemas-acuaticos","tag-rios-y-lagunas"],"acf":[],"aioseo_notices":[],"_links":{"self":[{"href":"https:\/\/obsnev.es\/en\/wp-json\/wp\/v2\/posts\/1010230","targetHints":{"allow":["GET"]}}],"collection":[{"href":"https:\/\/obsnev.es\/en\/wp-json\/wp\/v2\/posts"}],"about":[{"href":"https:\/\/obsnev.es\/en\/wp-json\/wp\/v2\/types\/post"}],"author":[{"embeddable":true,"href":"https:\/\/obsnev.es\/en\/wp-json\/wp\/v2\/users\/1"}],"replies":[{"embeddable":true,"href":"https:\/\/obsnev.es\/en\/wp-json\/wp\/v2\/comments?post=1010230"}],"version-history":[{"count":0,"href":"https:\/\/obsnev.es\/en\/wp-json\/wp\/v2\/posts\/1010230\/revisions"}],"wp:featuredmedia":[{"embeddable":true,"href":"https:\/\/obsnev.es\/en\/wp-json\/wp\/v2\/media\/4522"}],"wp:attachment":[{"href":"https:\/\/obsnev.es\/en\/wp-json\/wp\/v2\/media?parent=1010230"}],"wp:term":[{"taxonomy":"category","embeddable":true,"href":"https:\/\/obsnev.es\/en\/wp-json\/wp\/v2\/categories?post=1010230"},{"taxonomy":"post_tag","embeddable":true,"href":"https:\/\/obsnev.es\/en\/wp-json\/wp\/v2\/tags?post=1010230"}],"curies":[{"name":"wp","href":"https:\/\/api.w.org\/{rel}","templated":true}]}}