{"id":1010362,"date":"2023-01-13T14:31:03","date_gmt":"2023-01-13T13:31:03","guid":{"rendered":"https:\/\/obsnev.es\/?p=1010362"},"modified":"2023-01-13T14:31:03","modified_gmt":"2023-01-13T13:31:03","slug":"el-observatorio-del-cambio-global-de-sierra-nevada-un-instrumento-clave-para-mejorar-las-medidas-de-adaptacion","status":"publish","type":"post","link":"https:\/\/obsnev.es\/en\/el-observatorio-del-cambio-global-de-sierra-nevada-un-instrumento-clave-para-mejorar-las-medidas-de-adaptacion\/","title":{"rendered":"El Observatorio del Cambio Global de Sierra Nevada: un instrumento clave para mejorar las medidas de adaptaci\u00f3n"},"content":{"rendered":"<p>El Observatorio del Cambio Global de Sierra Nevada es una iniciativa institucional conjunta de la Consejer\u00eda de Sostenibilidad, Medio Ambiente y Econom\u00eda Azul (Junta de Andaluc\u00eda) y la Universidad de Granada que busca diagnosticar el impacto del cambio clim\u00e1tico en los ecosistemas de Sierra Nevada y fomentar su resiliencia a trav\u00e9s de medidas de gesti\u00f3n adaptativa.<br><br>Este ambicioso programa de seguimiento y an\u00e1lisis fue puesto en marcha en 2007 y se basa en la recolecci\u00f3n exhaustiva de informaci\u00f3n en el Parque Nacional y Natural de Sierra Nevada, para entender el estado de salud de sus ecosistemas. Ese esfuerzo ha dado lugar a dos publicaciones: \u00ab<a href=\"https:\/\/obsnev.es\/wp-content\/uploads\/2019\/11\/Dossier_Resultados_OCGSN_2015.pdf\">La huella del Cambio Global en Sierra Nevada<\/a>\u00bb y \u00ab<a href=\"https:\/\/drive.google.com\/file\/d\/11q-EOTe_AevtAOxH_O2rKwBc8K3lrz0U\/view?usp=share_link\">El paisaje de Sierra Nevada: un laboratorio \u00fanico de procesos globales en Espa\u00f1a<\/a>\u00ab, que compendia el conocimiento generado sobre Sierra Nevada en un total de cerca de 1000 registros en repositorios cient\u00edficos contrastados. El objetivo es proporcionar informaci\u00f3n cient\u00edfica a la sociedad, y aportar informaci\u00f3n valiosa para la toma de decisiones en materia de conservaci\u00f3n del patrimonio natural.<br><br>Sierra Nevada es un laboratorio \u00fanico para estudiar los efectos del cambio clim\u00e1tico en los ecosistemas de monta\u00f1a debido a su considerable gradiente altitudinal, que va desde los 3478 metros del Mulhac\u00e9n hasta los 350 metros en el extremo oriental. Adem\u00e1s, su proximidad al mar Mediterr\u00e1neo aporta una gran variedad de especies de plantas y animales, con un gran n\u00famero de endemismos exclusivos. Es tambi\u00e9n un territorio hist\u00f3ricamente muy antropizado. Su paisaje es fruto de la interacci\u00f3n de la naturaleza con el hombre durante milenios, por lo que es un escenario ideal para poner a prueba nuevos modelos de desarrollo sostenible.<\/p>\n\n\n\n<p>El Observatorio interact\u00faa con diferentes redes a nivel regional, nacional e internacional, lo que permite intercambiar informaci\u00f3n y comparar la evoluci\u00f3n de la situaci\u00f3n entre diferentes \u00e1reas de monta\u00f1a. En resumen, el Observatorio del Cambio Global de Sierra Nevada es una iniciativa valiosa para entender los efectos del cambio clim\u00e1tico en los ecosistemas de monta\u00f1a y tomar medidas para proteger, preservar y hacer un uso sostenible de su patrimonio natural.<\/p>\n\n\n\n<figure class=\"wp-block-image size-large\"><img fetchpriority=\"high\" decoding=\"async\" width=\"1024\" height=\"682\" src=\"https:\/\/obsnev.es\/wp-content\/uploads\/2019\/12\/Seguimiento_nieve_campo_3-1024x682.jpg\" alt=\"\" class=\"wp-image-1008437\" srcset=\"https:\/\/obsnev.es\/wp-content\/uploads\/2019\/12\/Seguimiento_nieve_campo_3-1024x682.jpg 1024w, https:\/\/obsnev.es\/wp-content\/uploads\/2019\/12\/Seguimiento_nieve_campo_3-300x200.jpg 300w, https:\/\/obsnev.es\/wp-content\/uploads\/2019\/12\/Seguimiento_nieve_campo_3-768x512.jpg 768w, https:\/\/obsnev.es\/wp-content\/uploads\/2019\/12\/Seguimiento_nieve_campo_3-18x12.jpg 18w, https:\/\/obsnev.es\/wp-content\/uploads\/2019\/12\/Seguimiento_nieve_campo_3.jpg 1280w\" sizes=\"(max-width: 1024px) 100vw, 1024px\" \/><\/figure>\n\n\n\n<p>En el <a href=\"https:\/\/www.miteco.gob.es\/es\/ceneam\/quienes-somos\/afterlife03-pnnsierranevada.aspx\">siguiente enlace<\/a> puede acceder a la informaci\u00f3n completa del reportaje elaborado por el Organismo Aut\u00f3nomo de Parques Nacionales: \u00abEl Observatorio del Cambio Global de Sierra Nevada: un instrumento clave para mejorar las medidas de adaptaci\u00f3n\u00bb<\/p>","protected":false},"excerpt":{"rendered":"<p>El Observatorio del Cambio Global de Sierra Nevada es una iniciativa institucional conjunta de la Consejer\u00eda de Sostenibilidad, Medio Ambiente y Econom\u00eda Azul (Junta de Andaluc\u00eda) y la Universidad de Granada que busca diagnosticar el impacto del cambio clim\u00e1tico en los ecosistemas de Sierra Nevada y fomentar su resiliencia a trav\u00e9s de medidas de gesti\u00f3n [&hellip;]<\/p>\n","protected":false},"author":1,"featured_media":1010136,"comment_status":"open","ping_status":"closed","sticky":false,"template":"","format":"standard","meta":{"_acf_changed":false,"footnotes":""},"categories":[8,222,234],"tags":[26,302,303,223,125],"class_list":["post-1010362","post","type-post","status-publish","format-standard","has-post-thumbnail","hentry","category-canal-de-noticias","category-observatorio-de-cambio-global","category-sierra-nevada","tag-cambio-climatico","tag-gestion-adaptativa","tag-laboratorio-de-montana","tag-observatorio-de-cambio-global-de-sierra-nevada","tag-organismo-autonomo-de-parques-nacionales"],"acf":[],"aioseo_notices":[],"_links":{"self":[{"href":"https:\/\/obsnev.es\/en\/wp-json\/wp\/v2\/posts\/1010362","targetHints":{"allow":["GET"]}}],"collection":[{"href":"https:\/\/obsnev.es\/en\/wp-json\/wp\/v2\/posts"}],"about":[{"href":"https:\/\/obsnev.es\/en\/wp-json\/wp\/v2\/types\/post"}],"author":[{"embeddable":true,"href":"https:\/\/obsnev.es\/en\/wp-json\/wp\/v2\/users\/1"}],"replies":[{"embeddable":true,"href":"https:\/\/obsnev.es\/en\/wp-json\/wp\/v2\/comments?post=1010362"}],"version-history":[{"count":0,"href":"https:\/\/obsnev.es\/en\/wp-json\/wp\/v2\/posts\/1010362\/revisions"}],"wp:featuredmedia":[{"embeddable":true,"href":"https:\/\/obsnev.es\/en\/wp-json\/wp\/v2\/media\/1010136"}],"wp:attachment":[{"href":"https:\/\/obsnev.es\/en\/wp-json\/wp\/v2\/media?parent=1010362"}],"wp:term":[{"taxonomy":"category","embeddable":true,"href":"https:\/\/obsnev.es\/en\/wp-json\/wp\/v2\/categories?post=1010362"},{"taxonomy":"post_tag","embeddable":true,"href":"https:\/\/obsnev.es\/en\/wp-json\/wp\/v2\/tags?post=1010362"}],"curies":[{"name":"wp","href":"https:\/\/api.w.org\/{rel}","templated":true}]}}