{"id":1010378,"date":"2023-02-21T18:47:01","date_gmt":"2023-02-21T17:47:01","guid":{"rendered":"https:\/\/obsnev.es\/?p=1010378"},"modified":"2023-02-21T18:47:01","modified_gmt":"2023-02-21T17:47:01","slug":"4-de-marzo-nuevo-encuentro-de-la-red-de-seguimiento-de-mariposas-diurnas-de-sierra-nevada","status":"publish","type":"post","link":"https:\/\/obsnev.es\/en\/4-de-marzo-nuevo-encuentro-de-la-red-de-seguimiento-de-mariposas-diurnas-de-sierra-nevada\/","title":{"rendered":"4 de marzo: nuevo encuentro de la red de seguimiento de mariposas diurnas de Sierra Nevada"},"content":{"rendered":"<p><\/p>\n\n\n\n<p>Desde el a\u00f1o 2008 se vienen monitorizando la poblaciones de mariposas de Sierra Nevada a trav\u00e9s de un programa de seguimiento conjunto entre t\u00e9cnicos y voluntarios que a su vez forma parte del <a href=\"https:\/\/obsnev.es\/en\/\">Sierra Nevada Global Change Observatory<\/a>. Fruto de este programa de ciencia ciudadana se est\u00e1n definiendo indicadores de evaluaci\u00f3n del estado de conservaci\u00f3n de los ecosistemas. No obstante, las mariposas diurnas son consideradas como organismos modelo en ecolog\u00eda y por este motivo la din\u00e1mica de sus poblaciones, los patrones de fenolog\u00eda y otros aspectos relacionados con su biolog\u00eda han sido ampliamente empleados como indicadores de los cambios ambientales y objeto de numerosos estudios sumamente relevantes en el \u00e1mbito del seguimiento ecol\u00f3gico, de la gesti\u00f3n y el an\u00e1lisis de los efectos del cambio global. Sin ir m\u00e1s lejos, el programa de seguimiento de mariposas en Europa (<em>Butterfly Monitoring Scheme Europe<\/em>) constituye el sistema de seguimiento sobre invertebrados m\u00e1s extendido e intensivo del planeta y su resultados contribuyen de forma muy directa a mejorar pol\u00edticas comunitarias en materia de agricultura, cambio clim\u00e1tico, bosque o biodiversidad.<\/p>\n\n\n\n<p>The <strong>d\u00eda 4 de marzo<\/strong> (Aula de la Naturaleza \u2018el Aguadero\u2019) tendr\u00e1 lugar la reuni\u00f3n anual de esta red seguimiento en donde se expondr\u00e1n los resultados recabados hasta la fecha, se organizar\u00e1 la temporada de seguimiento de 2023 (que comienzo en marzo) y se establecer\u00e1 un marco de coordinaci\u00f3n con otros espacios naturales de la provincia de Granada en donde tambi\u00e9n se desarrollan iniciativas de seguimiento de mariposas. Adem\u00e1s, se presentar\u00e1 una propuesta para el seguimiento de polillas que se pondr\u00e1 en funcionamiento este mismo a\u00f1o.<\/p>\n\n\n\n<figure class=\"wp-block-image size-large\"><img fetchpriority=\"high\" decoding=\"async\" width=\"1024\" height=\"724\" src=\"https:\/\/obsnev.es\/wp-content\/uploads\/2023\/02\/programa-1-1024x724.jpg\" alt=\"\" class=\"wp-image-1010382\" srcset=\"https:\/\/obsnev.es\/wp-content\/uploads\/2023\/02\/programa-1-1024x724.jpg 1024w, https:\/\/obsnev.es\/wp-content\/uploads\/2023\/02\/programa-1-300x212.jpg 300w, https:\/\/obsnev.es\/wp-content\/uploads\/2023\/02\/programa-1-768x543.jpg 768w, https:\/\/obsnev.es\/wp-content\/uploads\/2023\/02\/programa-1-1536x1086.jpg 1536w, https:\/\/obsnev.es\/wp-content\/uploads\/2023\/02\/programa-1-18x12.jpg 18w, https:\/\/obsnev.es\/wp-content\/uploads\/2023\/02\/programa-1.jpg 2048w\" sizes=\"(max-width: 1024px) 100vw, 1024px\" \/><\/figure>","protected":false},"excerpt":{"rendered":"<p>Desde el a\u00f1o 2008 se vienen monitorizando la poblaciones de mariposas de Sierra Nevada a trav\u00e9s de un programa de seguimiento conjunto entre t\u00e9cnicos y voluntarios que a su vez forma parte del Observatorio de Cambio Global de Sierra Nevada. Fruto de este programa de ciencia ciudadana se est\u00e1n definiendo indicadores de evaluaci\u00f3n del estado [&hellip;]<\/p>\n","protected":false},"author":1,"featured_media":1010384,"comment_status":"open","ping_status":"closed","sticky":false,"template":"","format":"standard","meta":{"_acf_changed":false,"footnotes":""},"categories":[8,222,234],"tags":[275,98,223],"class_list":["post-1010378","post","type-post","status-publish","format-standard","has-post-thumbnail","hentry","category-canal-de-noticias","category-observatorio-de-cambio-global","category-sierra-nevada","tag-ciencia-ciudadana","tag-mariposas-diurnas","tag-observatorio-de-cambio-global-de-sierra-nevada"],"acf":[],"aioseo_notices":[],"_links":{"self":[{"href":"https:\/\/obsnev.es\/en\/wp-json\/wp\/v2\/posts\/1010378","targetHints":{"allow":["GET"]}}],"collection":[{"href":"https:\/\/obsnev.es\/en\/wp-json\/wp\/v2\/posts"}],"about":[{"href":"https:\/\/obsnev.es\/en\/wp-json\/wp\/v2\/types\/post"}],"author":[{"embeddable":true,"href":"https:\/\/obsnev.es\/en\/wp-json\/wp\/v2\/users\/1"}],"replies":[{"embeddable":true,"href":"https:\/\/obsnev.es\/en\/wp-json\/wp\/v2\/comments?post=1010378"}],"version-history":[{"count":0,"href":"https:\/\/obsnev.es\/en\/wp-json\/wp\/v2\/posts\/1010378\/revisions"}],"wp:featuredmedia":[{"embeddable":true,"href":"https:\/\/obsnev.es\/en\/wp-json\/wp\/v2\/media\/1010384"}],"wp:attachment":[{"href":"https:\/\/obsnev.es\/en\/wp-json\/wp\/v2\/media?parent=1010378"}],"wp:term":[{"taxonomy":"category","embeddable":true,"href":"https:\/\/obsnev.es\/en\/wp-json\/wp\/v2\/categories?post=1010378"},{"taxonomy":"post_tag","embeddable":true,"href":"https:\/\/obsnev.es\/en\/wp-json\/wp\/v2\/tags?post=1010378"}],"curies":[{"name":"wp","href":"https:\/\/api.w.org\/{rel}","templated":true}]}}