{"id":1010556,"date":"2023-06-19T20:19:02","date_gmt":"2023-06-19T18:19:02","guid":{"rendered":"https:\/\/obsnev.es\/?p=1010556"},"modified":"2023-06-19T20:19:02","modified_gmt":"2023-06-19T18:19:02","slug":"d-pedro-mercado-pacheco-preside-la-ceremonia-de-entrega-de-premios-del-concurso-fotografico-objetivo-sierra-nevada","status":"publish","type":"post","link":"https:\/\/obsnev.es\/en\/d-pedro-mercado-pacheco-preside-la-ceremonia-de-entrega-de-premios-del-concurso-fotografico-objetivo-sierra-nevada\/","title":{"rendered":"D. Pedro Mercado Pacheco preside la ceremonia de entrega de Premios del concurso fotogr\u00e1fico Objetivo Sierra Nevada"},"content":{"rendered":"<p><\/p>\n\n\n\n<p>En su primer acto oficial como Rector Magn\u00edfico de la\nUniversidad, D. Pedro Mercado Pacheco presidi\u00f3 el acto de entrega de premios\ndel concurso fotogr\u00e1fico Objetivo Sierra Nevada. La ceremonia tuvo lugar el\njueves 15 de junio en el paraninfo de la Facultad de Derecho, cont\u00f3 con la\npresencia de D. Jos\u00e9 Luis P\u00e9rez-Serrabona, decano de la Facultad de Derecho; &nbsp;D. Manuel Francisco Garc\u00eda Delegado\nTerritorial de Sostenibilidad, Medio Ambiente y Econom\u00eda Azul, D. Francisco de\nAs\u00eds Mu\u00f1oz, director del Espacio Natural de Sierra Nevada, D. Regino Zamora coordinador\ncient\u00edfico del proyecto LifeWatch-ERIC <em>Smart Ecomountains<\/em> y D. Manuel\nVillar Argaiz, coordinador del concurso fotogr\u00e1fico Objetivo Sierra Nevada. <\/p>\n\n\n\n<p>Tras unas palabras de bienvenida del decano de la facultad, el director del Espacio Natural de Sierra Nevada destac\u00f3 el papel de Sierra Nevada como laboratorio natural para desarrollar modelos de sostenibilidad que permitan explorar opciones de conservaci\u00f3n del patrimonio natural y adaptaci\u00f3n al cambio clim\u00e1tico. Por su parte el delegado territorial de la Junta de Andaluc\u00eda alab\u00f3 la buena sinton\u00eda y colaboraci\u00f3n entre instituciones y la creaci\u00f3n de este tipo de espacios de participaci\u00f3n ciudadana en Sierra Nevada para que sean exportables a otros espacios naturales de la provincia de Granada y Andaluc\u00eda. El coordinador cient\u00edfico del proyecto europeo LifeWatch-ERIC <em>Smart Ecomountains<\/em> resalt\u00f3 algunos de los motivos que hacen de Sierra Nevada un observatorio privilegiado del cambio global como que la superficie de nieve ha disminuido dr\u00e1sticamente en la \u00faltima d\u00e9cada, que la concentraci\u00f3n de polvo sahariano es cada vez mayor en Granada y Sierra Nevada, o que el calentamiento en Europa es m\u00e1s r\u00e1pido que en el resto de los continentes. Por su parte, el coordinador de Objetivo Sierra Nevada destac\u00f3 que, adem\u00e1s de dar a conocer la belleza de la vida y los paisajes de Sierra Nevada, el concurso contribuye a conciliar el delicado equilibrio que existe entre la conservaci\u00f3n y el uso tradicional y sostenible de un territorio \u00fanico.<\/p>\n\n\n\n<div class=\"wp-block-image\"><figure class=\"aligncenter size-full\"><img fetchpriority=\"high\" decoding=\"async\" width=\"2000\" height=\"1126\" src=\"https:\/\/obsnev.es\/wp-content\/uploads\/2023\/06\/WhatsApp-Image-2023-06-19-at-20.16.39.jpeg\" alt=\"\" class=\"wp-image-1010557\" srcset=\"https:\/\/obsnev.es\/wp-content\/uploads\/2023\/06\/WhatsApp-Image-2023-06-19-at-20.16.39.jpeg 2000w, https:\/\/obsnev.es\/wp-content\/uploads\/2023\/06\/WhatsApp-Image-2023-06-19-at-20.16.39-300x169.jpeg 300w, https:\/\/obsnev.es\/wp-content\/uploads\/2023\/06\/WhatsApp-Image-2023-06-19-at-20.16.39-1024x577.jpeg 1024w, https:\/\/obsnev.es\/wp-content\/uploads\/2023\/06\/WhatsApp-Image-2023-06-19-at-20.16.39-768x432.jpeg 768w, https:\/\/obsnev.es\/wp-content\/uploads\/2023\/06\/WhatsApp-Image-2023-06-19-at-20.16.39-1536x865.jpeg 1536w, https:\/\/obsnev.es\/wp-content\/uploads\/2023\/06\/WhatsApp-Image-2023-06-19-at-20.16.39-18x10.jpeg 18w\" sizes=\"(max-width: 2000px) 100vw, 2000px\" \/><\/figure><\/div>\n\n\n\n<p>Tras expresar el agradecimiento a las autoridades y a todos\nlos participantes, el Acto prosigui\u00f3 con la entrega de premios. En total se\nrepartieron 19 premios, un premio y menci\u00f3n especial para cada una de las 8\ncategor\u00edas y 3 premios absolutos patrocinados por la Fundaci\u00f3n Caja Rural\nGranada. <\/p>\n\n\n\n<p>En su intervenci\u00f3n en el cierre del Acto, el Sr. Rector\ndestac\u00f3 que este tipo de iniciativas de participaci\u00f3n ciudadana contribuyen a\nrobustecer un modelo de desarrollo en el que prima el cuidado de las personas,\ndel medio ambiente para ser capaz de responder a los desaf\u00edos globales del\ncambio global. As\u00ed mismo reiter\u00f3 el firme compromiso del equipo de gobierno por\nreforzar las grandes iniciativas estrat\u00e9gicas de la universidad entre las que\nse encuentran la creaci\u00f3n de proyecto UGR-Sostenibilidad en la Azucarera, como\nun espacio de generaci\u00f3n de conocimiento, investigaci\u00f3n e innovaci\u00f3n en torno a\nla sostenibilidad. <\/p>","protected":false},"excerpt":{"rendered":"<p>En su primer acto oficial como Rector Magn\u00edfico de la Universidad, D. Pedro Mercado Pacheco presidi\u00f3 el acto de entrega de premios del concurso fotogr\u00e1fico Objetivo Sierra Nevada. La ceremonia tuvo lugar el jueves 15 de junio en el paraninfo de la Facultad de Derecho, cont\u00f3 con la presencia de D. Jos\u00e9 Luis P\u00e9rez-Serrabona, decano [&hellip;]<\/p>\n","protected":false},"author":1,"featured_media":1010565,"comment_status":"open","ping_status":"closed","sticky":false,"template":"","format":"standard","meta":{"_acf_changed":false,"footnotes":""},"categories":[8,222,234],"tags":[275,313,314,223],"class_list":["post-1010556","post","type-post","status-publish","format-standard","has-post-thumbnail","hentry","category-canal-de-noticias","category-observatorio-de-cambio-global","category-sierra-nevada","tag-ciencia-ciudadana","tag-concurso-fotografico","tag-objetivo-sierra-nevada","tag-observatorio-de-cambio-global-de-sierra-nevada"],"acf":[],"aioseo_notices":[],"_links":{"self":[{"href":"https:\/\/obsnev.es\/en\/wp-json\/wp\/v2\/posts\/1010556","targetHints":{"allow":["GET"]}}],"collection":[{"href":"https:\/\/obsnev.es\/en\/wp-json\/wp\/v2\/posts"}],"about":[{"href":"https:\/\/obsnev.es\/en\/wp-json\/wp\/v2\/types\/post"}],"author":[{"embeddable":true,"href":"https:\/\/obsnev.es\/en\/wp-json\/wp\/v2\/users\/1"}],"replies":[{"embeddable":true,"href":"https:\/\/obsnev.es\/en\/wp-json\/wp\/v2\/comments?post=1010556"}],"version-history":[{"count":0,"href":"https:\/\/obsnev.es\/en\/wp-json\/wp\/v2\/posts\/1010556\/revisions"}],"wp:featuredmedia":[{"embeddable":true,"href":"https:\/\/obsnev.es\/en\/wp-json\/wp\/v2\/media\/1010565"}],"wp:attachment":[{"href":"https:\/\/obsnev.es\/en\/wp-json\/wp\/v2\/media?parent=1010556"}],"wp:term":[{"taxonomy":"category","embeddable":true,"href":"https:\/\/obsnev.es\/en\/wp-json\/wp\/v2\/categories?post=1010556"},{"taxonomy":"post_tag","embeddable":true,"href":"https:\/\/obsnev.es\/en\/wp-json\/wp\/v2\/tags?post=1010556"}],"curies":[{"name":"wp","href":"https:\/\/api.w.org\/{rel}","templated":true}]}}