{"id":1010581,"date":"2023-07-31T10:23:28","date_gmt":"2023-07-31T08:23:28","guid":{"rendered":"https:\/\/obsnev.es\/?p=1010581"},"modified":"2023-07-31T10:23:28","modified_gmt":"2023-07-31T08:23:28","slug":"datos-de-los-insectos-acuaticos-de-sierra-nevada","status":"publish","type":"post","link":"https:\/\/obsnev.es\/en\/datos-de-los-insectos-acuaticos-de-sierra-nevada\/","title":{"rendered":"Datos de los insectos acu\u00e1ticos de Sierra Nevada"},"content":{"rendered":"<p>Recientemente, se ha publicado en GBIF un conjunto de datos que recopila informaci\u00f3n sobre diversidad y abundancia de insectos en arroyos y r\u00edos de Sierra Nevada por encima de los 800 m.s.n.m. Los datos cubren una amplia extensi\u00f3n: <\/p>\n\n\n\n<ul class=\"wp-block-list\"><li><strong>Temporal<\/strong>: con m\u00e1s de 1,700 muestreos realizados desde el a\u00f1o 1905 hasta 2022.<\/li><li><strong>Espacial<\/strong>: con m\u00e1s de 60 r\u00edos muestreados y un gradiente altitudinal que abarca desde los 800 hasta los 3040 m.s.n.m. <\/li><li><strong>Taxon\u00f3mica<\/strong>: con m\u00e1s de 180 taxones identificados en los m\u00e1s de 203,000 individuos muestreados.<\/li><\/ul>\n\n\n\n<p>Bajo el paraguas del <strong>Sierra Nevada Global Change Observatory<\/strong>, este producto integra datos de dos proveedores fundamentales: la <strong>University of Granada<\/strong> (equipo de los Departamentos de Ecolog\u00eda y Zoolog\u00eda coordinado por Manuel Jes\u00fas L\u00f3pez Rodr\u00edguez) y la <strong>Consejer\u00eda de Sostenibilidad, Medio Ambiente y Econom\u00eda Azul<\/strong> (Mar\u00eda del Carmen Fajardo Merlo, de la Agencia de Medio Ambiente y Agua, es la responsable del seguimiento a largo plazo de macroinvertebrados acu\u00e1ticos).<\/p>\n\n\n\n<p>La recopilaci\u00f3n hist\u00f3rica de UGR abarca desde publicaciones antiguas, pasando por tesis doctorales de gran inter\u00e9s cient\u00edfico, hasta datos tomados recientemente en el proyecto <a href=\"https:\/\/smartecomountains.lifewatch.eu\">Smart EcoMountains<\/a>. El seguimiento a largo plazo del Observatorio cuenta con datos desde el a\u00f1o 2008, siguiendo una metodolog\u00eda de muestreo constante. Para asegurar la calidad de los datos, \u00e9stos han sido revisados por el tutor cient\u00edfico del seguimiento (Manuel Jes\u00fas L\u00f3pez Rodr\u00edguez).<\/p>\n\n\n\n<p>Al integrar datos de distintos proveedores, conseguimos <strong>un producto que podemos ofrecer en conjunto y en abierto a la comunidad cient\u00edfica, gestores y p\u00fablico en general<\/strong>. Gracias al trabajo realizado en colaboraci\u00f3n con el equipo de gesti\u00f3n de datos del Observatorio, los datos se encuentran publicados en <a href=\"https:\/\/linaria.obsnev.es\/\">Linaria<\/a>, el repositorio de datos institucional del Observatorio, y en la <strong>infraestructura para datos de biodiversidad GBIF<\/strong>: <a href=\"https:\/\/www.gbif.org\/dataset\/d06b3c45-0d91-46e8-9732-a3ebecd659f7\">10.15470\/wqbmkz<\/a> Para ello, los datos se estandarizaron al formato Darwin Core y se documentaron bajo el est\u00e1ndar internacional EML (<em>Ecological Metadata Language<\/em>). Pr\u00f3ximamente, se les dar\u00e1 mayor visibilidad internacional mediante la publicaci\u00f3n de un <strong>art\u00edculo de datos<\/strong> (<em>data paper<\/em>) que los describa en profundidad, lo que supone tambi\u00e9n un sello de calidad en el contexto cient\u00edfico.<\/p>\n\n\n\n<p>Con todo este proceso, y en l\u00ednea con el apoyo de la Comisi\u00f3n Europea a la <strong>Ciencia Abierta<\/strong> (<em>Open Science<\/em>), garantizamos una gesti\u00f3n de datos bajo los <strong>principios FAIR<\/strong> para que \u00e9stos sean localizables, accesibles, interoperables y reutilizables.<\/p>\n\n\n\n<p>Otra base de datos relacionada con esta tem\u00e1tica y publicada tambi\u00e9n recientemente es \u00ab<a href=\"https:\/\/esajournals.onlinelibrary.wiley.com\/doi\/10.1002\/ecy.4003\">HeadwaterstreamSNevada<\/a>\u00ab, que almacena valiosa informaci\u00f3n sobre la vegetaci\u00f3n de ribera de los r\u00edos y arroyos de Sierra Nevada, as\u00ed como mediciones de par\u00e1metros f\u00edsico-qu\u00edmicos del agua.<\/p>","protected":false},"excerpt":{"rendered":"<p>Recientemente, se ha publicado en GBIF un conjunto de datos que recopila informaci\u00f3n sobre diversidad y abundancia de insectos en arroyos y r\u00edos de Sierra Nevada por encima de los 800 m.s.n.m. Los datos cubren una amplia extensi\u00f3n: Temporal: con m\u00e1s de 1,700 muestreos realizados desde el a\u00f1o 1905 hasta 2022. Espacial: con m\u00e1s de [&hellip;]<\/p>\n","protected":false},"author":1,"featured_media":4646,"comment_status":"open","ping_status":"closed","sticky":false,"template":"","format":"standard","meta":{"_acf_changed":false,"footnotes":""},"categories":[8],"tags":[32,208,49],"class_list":["post-1010581","post","type-post","status-publish","format-standard","has-post-thumbnail","hentry","category-canal-de-noticias","tag-biodiversidad","tag-insectos","tag-sierra-nevada"],"acf":[],"aioseo_notices":[],"_links":{"self":[{"href":"https:\/\/obsnev.es\/en\/wp-json\/wp\/v2\/posts\/1010581","targetHints":{"allow":["GET"]}}],"collection":[{"href":"https:\/\/obsnev.es\/en\/wp-json\/wp\/v2\/posts"}],"about":[{"href":"https:\/\/obsnev.es\/en\/wp-json\/wp\/v2\/types\/post"}],"author":[{"embeddable":true,"href":"https:\/\/obsnev.es\/en\/wp-json\/wp\/v2\/users\/1"}],"replies":[{"embeddable":true,"href":"https:\/\/obsnev.es\/en\/wp-json\/wp\/v2\/comments?post=1010581"}],"version-history":[{"count":0,"href":"https:\/\/obsnev.es\/en\/wp-json\/wp\/v2\/posts\/1010581\/revisions"}],"wp:featuredmedia":[{"embeddable":true,"href":"https:\/\/obsnev.es\/en\/wp-json\/wp\/v2\/media\/4646"}],"wp:attachment":[{"href":"https:\/\/obsnev.es\/en\/wp-json\/wp\/v2\/media?parent=1010581"}],"wp:term":[{"taxonomy":"category","embeddable":true,"href":"https:\/\/obsnev.es\/en\/wp-json\/wp\/v2\/categories?post=1010581"},{"taxonomy":"post_tag","embeddable":true,"href":"https:\/\/obsnev.es\/en\/wp-json\/wp\/v2\/tags?post=1010581"}],"curies":[{"name":"wp","href":"https:\/\/api.w.org\/{rel}","templated":true}]}}