{"id":1010662,"date":"2024-02-20T09:20:12","date_gmt":"2024-02-20T08:20:12","guid":{"rendered":"https:\/\/obsnev.es\/?p=1010662"},"modified":"2024-02-20T09:20:12","modified_gmt":"2024-02-20T08:20:12","slug":"los-resultados-smartecomountains-alineados-con-el-mri","status":"publish","type":"post","link":"https:\/\/obsnev.es\/en\/los-resultados-smartecomountains-alineados-con-el-mri\/","title":{"rendered":"Los resultados de SmartEcomountains alineados con el MRI"},"content":{"rendered":"<figure class=\"wp-block-image size-large is-resized\"><img fetchpriority=\"high\" decoding=\"async\" src=\"https:\/\/obsnev.es\/wp-content\/uploads\/2021\/12\/Smart_EcoMountains300_ppi-1024x279.png\" alt=\"\" class=\"wp-image-1010209\" width=\"768\" height=\"209\" srcset=\"https:\/\/obsnev.es\/wp-content\/uploads\/2021\/12\/Smart_EcoMountains300_ppi-1024x279.png 1024w, https:\/\/obsnev.es\/wp-content\/uploads\/2021\/12\/Smart_EcoMountains300_ppi-300x82.png 300w, https:\/\/obsnev.es\/wp-content\/uploads\/2021\/12\/Smart_EcoMountains300_ppi-768x209.png 768w, https:\/\/obsnev.es\/wp-content\/uploads\/2021\/12\/Smart_EcoMountains300_ppi-1536x418.png 1536w, https:\/\/obsnev.es\/wp-content\/uploads\/2021\/12\/Smart_EcoMountains300_ppi-2048x557.png 2048w, https:\/\/obsnev.es\/wp-content\/uploads\/2021\/12\/Smart_EcoMountains300_ppi-18x5.png 18w\" sizes=\"(max-width: 768px) 100vw, 768px\" \/><\/figure>\n\n\n\n<p><img decoding=\"async\" width=\"80\" height=\"80\" class=\"wp-image-1010664\" style=\"width: 80px;\" src=\"https:\/\/obsnev.es\/wp-content\/uploads\/2024\/02\/mri.png\" alt=\"\" srcset=\"https:\/\/obsnev.es\/wp-content\/uploads\/2024\/02\/mri.png 225w, https:\/\/obsnev.es\/wp-content\/uploads\/2024\/02\/mri-150x150.png 150w, https:\/\/obsnev.es\/wp-content\/uploads\/2024\/02\/mri-12x12.png 12w\" sizes=\"(max-width: 80px) 100vw, 80px\" \/>       <\/p>\n\n\n\n<p>La Iniciativa de Investigaci\u00f3n de Monta\u00f1as (MRI, por sus siglas en ingl\u00e9s) es una organizaci\u00f3n internacional que tiene como objetivo identificar y comprender los impulsores y procesos del cambio global en las monta\u00f1as a trav\u00e9s de diferentes disciplinas en regiones monta\u00f1osas de todo el mundo.<\/p>\n\n\n\n<p>Establecido en el a\u00f1o 2001, el MRI busca abordar los desaf\u00edos\n\u00fanicos que enfrentan los ecosistemas de monta\u00f1a, as\u00ed como comprender mejor su\nimportancia en un contexto de cambio global. Las monta\u00f1as desempe\u00f1an un papel\ncrucial en la regulaci\u00f3n del clima, la provisi\u00f3n de recursos h\u00eddricos y la\nbiodiversidad y son hogar de diversas comunidades culturales. MRI ha iniciado\nnumerosas colaboraciones con redes de investigadores, implementando acciones\nque mejoran el perfil y el valor de la investigaci\u00f3n sobre el cambio global en\nlas monta\u00f1as. Adem\u00e1s, integra y sintetiza los resultados de esta investigaci\u00f3n,\ninformando as\u00ed a las partes interesadas sobre las implicaciones de estos\nresultados para las pol\u00edticas y pr\u00e1cticas de gesti\u00f3n.<\/p>\n\n\n\n<p>MRI ha destacado en sus publicaciones en web el papel desarrollado por el Centro Tem\u00e1tico de Monta\u00f1as de la Universidad de Granada (SmartEcomountains), utilizando Sierra Nevada como caso de estudio. Destaca, en el \u00e1mbito de toma de datos en monta\u00f1a, el <a href=\"https:\/\/www.mountainresearchinitiative.org\/news-page-all\/129-mri-news\/3319-making-connections-at-imc22-highlights-and-reflections\">trabajo realizado en la instalaci\u00f3n y el mantenimiento<\/a> de las estaciones de monitoreo de la biodiversidad, adem\u00e1s de los esfuerzos (a menudo considerables) necesarios para gestionar y compartir los conjuntos de datos resultantes. Igualmente, MRI ha puesto como ejemplo de comunicaci\u00f3n y divulgaci\u00f3n cient\u00edfica el <a href=\"https:\/\/www.geomountains.org\/news-page-all\/138-geo-mountains\/2893-smart-ecomountains-learning-hub\">Centro de Aprendizaje o Learning Hub<\/a> desarrollado por SmartEcomountains.<\/p>\n\n\n\n<figure class=\"wp-block-image size-large\"><img decoding=\"async\" width=\"1024\" height=\"847\" src=\"https:\/\/obsnev.es\/wp-content\/uploads\/2024\/02\/Screenshot_2023-12-11_at_170436-1024x847.png\" alt=\"\" class=\"wp-image-1010670\" srcset=\"https:\/\/obsnev.es\/wp-content\/uploads\/2024\/02\/Screenshot_2023-12-11_at_170436-1024x847.png 1024w, https:\/\/obsnev.es\/wp-content\/uploads\/2024\/02\/Screenshot_2023-12-11_at_170436-300x248.png 300w, https:\/\/obsnev.es\/wp-content\/uploads\/2024\/02\/Screenshot_2023-12-11_at_170436-768x636.png 768w, https:\/\/obsnev.es\/wp-content\/uploads\/2024\/02\/Screenshot_2023-12-11_at_170436-15x12.png 15w, https:\/\/obsnev.es\/wp-content\/uploads\/2024\/02\/Screenshot_2023-12-11_at_170436.png 1276w\" sizes=\"(max-width: 1024px) 100vw, 1024px\" \/><figcaption>Captura de pantalla del Larning Hub de SmartEcomountains<\/figcaption><\/figure>","protected":false},"excerpt":{"rendered":"<p>La Iniciativa de Investigaci\u00f3n de Monta\u00f1as (MRI, por sus siglas en ingl\u00e9s) es una organizaci\u00f3n internacional que tiene como objetivo identificar y comprender los impulsores y procesos del cambio global en las monta\u00f1as a trav\u00e9s de diferentes disciplinas en regiones monta\u00f1osas de todo el mundo. Establecido en el a\u00f1o 2001, el MRI busca abordar los [&hellip;]<\/p>\n","protected":false},"author":1,"featured_media":40,"comment_status":"open","ping_status":"closed","sticky":false,"template":"","format":"standard","meta":{"_acf_changed":false,"footnotes":""},"categories":[8,222,234],"tags":[320,223,49,305],"class_list":["post-1010662","post","type-post","status-publish","format-standard","has-post-thumbnail","hentry","category-canal-de-noticias","category-observatorio-de-cambio-global","category-sierra-nevada","tag-contexto-internacional","tag-observatorio-de-cambio-global-de-sierra-nevada","tag-sierra-nevada","tag-smartecomuntains"],"acf":[],"aioseo_notices":[],"_links":{"self":[{"href":"https:\/\/obsnev.es\/en\/wp-json\/wp\/v2\/posts\/1010662","targetHints":{"allow":["GET"]}}],"collection":[{"href":"https:\/\/obsnev.es\/en\/wp-json\/wp\/v2\/posts"}],"about":[{"href":"https:\/\/obsnev.es\/en\/wp-json\/wp\/v2\/types\/post"}],"author":[{"embeddable":true,"href":"https:\/\/obsnev.es\/en\/wp-json\/wp\/v2\/users\/1"}],"replies":[{"embeddable":true,"href":"https:\/\/obsnev.es\/en\/wp-json\/wp\/v2\/comments?post=1010662"}],"version-history":[{"count":0,"href":"https:\/\/obsnev.es\/en\/wp-json\/wp\/v2\/posts\/1010662\/revisions"}],"wp:featuredmedia":[{"embeddable":true,"href":"https:\/\/obsnev.es\/en\/wp-json\/"}],"wp:attachment":[{"href":"https:\/\/obsnev.es\/en\/wp-json\/wp\/v2\/media?parent=1010662"}],"wp:term":[{"taxonomy":"category","embeddable":true,"href":"https:\/\/obsnev.es\/en\/wp-json\/wp\/v2\/categories?post=1010662"},{"taxonomy":"post_tag","embeddable":true,"href":"https:\/\/obsnev.es\/en\/wp-json\/wp\/v2\/tags?post=1010662"}],"curies":[{"name":"wp","href":"https:\/\/api.w.org\/{rel}","templated":true}]}}