{"id":1010746,"date":"2024-10-04T13:52:42","date_gmt":"2024-10-04T11:52:42","guid":{"rendered":"https:\/\/obsnev.es\/?p=1010746"},"modified":"2024-10-04T13:52:42","modified_gmt":"2024-10-04T11:52:42","slug":"participacion-en-el-xiii-seminario-de-seguimiento-a-largo-plazo-en-la-red-de-parques-nacionales","status":"publish","type":"post","link":"https:\/\/obsnev.es\/en\/participacion-en-el-xiii-seminario-de-seguimiento-a-largo-plazo-en-la-red-de-parques-nacionales\/","title":{"rendered":"Participaci\u00f3n en el \u201cXIII Seminario de Seguimiento a Largo Plazo en la Red de Parques Nacionales\u201d"},"content":{"rendered":"<p>El equipo de gesti\u00f3n de datos (IISTA-UGR) del Observatorio de Cambio Global de Sierra Nevada ha participado esta semana en el \u201cXIII Seminario de Seguimiento a Largo Plazo en la Red de Parques Nacionales\u201d organizado por el OAPN y el CENEAM. El seminario se celebr\u00f3 los d\u00edas 30 de septiembre, 1 y 2 de octubre en las instalaciones del CENEAM (Valsa\u00edn, Segovia).<\/p>\n\n\n\n<p>El tema del seminario este a\u00f1o era la \u201cgesti\u00f3n de la informaci\u00f3n generada en la Red de Parques Nacionales\u201d, por lo que se cont\u00f3 con la participaci\u00f3n de personal de diversos Parques Nacionales de Espa\u00f1a, as\u00ed como personal del MITECO, eLTER y varias instituciones cient\u00edficas. <\/p>\n\n\n\n<p>El equipo de gesti\u00f3n de datos (IISTA-UGR) explic\u00f3 en su charla todos los servicios de datos (Linaria, ClimaNevada, HistoNevada, BiblioNevada) que se han desarrollado hasta el momento para gestionar un amplio abanico de datos tomados en Sierra Nevada: documentos hist\u00f3ricos, informaci\u00f3n clim\u00e1tica, datos de los protocolos de seguimiento, datos de investigaci\u00f3n, datos tomados en campa\u00f1as de Ciencia Ciudadana, bibliograf\u00eda cient\u00edfica, etc. <\/p>\n\n\n\n<p>Una de las principales conclusiones del seminario ha sido la necesidad de mejorar la gesti\u00f3n de los datos que levantan los Parques Nacionales, en gran medida debido a la falta de personal especializado en la gesti\u00f3n de informaci\u00f3n. El seminario ha sido un encuentro muy enriquecedor para todas las partes, pues sirvi\u00f3 para diagnosticar el estado de cada uno de los Parques Nacionales en materia de gesti\u00f3n de informaci\u00f3n, intercambiar experiencias en lo que a gesti\u00f3n de datos se refiere y aprender m\u00e1s sobre los nuevos marcos normativos europeos de interoperabilidad y estandarizaci\u00f3n.<\/p>\n\n\n\n<figure class=\"wp-block-image size-large\"><img fetchpriority=\"high\" decoding=\"async\" width=\"1024\" height=\"576\" src=\"https:\/\/obsnev.es\/wp-content\/uploads\/2024\/10\/diapo_2-1024x576.jpg\" alt=\"\" class=\"wp-image-1010748\" srcset=\"https:\/\/obsnev.es\/wp-content\/uploads\/2024\/10\/diapo_2-1024x576.jpg 1024w, https:\/\/obsnev.es\/wp-content\/uploads\/2024\/10\/diapo_2-300x169.jpg 300w, https:\/\/obsnev.es\/wp-content\/uploads\/2024\/10\/diapo_2-768x432.jpg 768w, https:\/\/obsnev.es\/wp-content\/uploads\/2024\/10\/diapo_2-18x10.jpg 18w, https:\/\/obsnev.es\/wp-content\/uploads\/2024\/10\/diapo_2.jpg 1280w\" sizes=\"(max-width: 1024px) 100vw, 1024px\" \/><figcaption><em>Diapositiva incluida en la presentaci\u00f3n para ilustrar la integraci\u00f3n de datos de distintos proveedores de datos para construir series temporales largas<\/em><\/figcaption><\/figure>","protected":false},"excerpt":{"rendered":"<p>El equipo de gesti\u00f3n de datos (IISTA-UGR) del Observatorio de Cambio Global de Sierra Nevada ha participado esta semana en el \u201cXIII Seminario de Seguimiento a Largo Plazo en la Red de Parques Nacionales\u201d organizado por el OAPN y el CENEAM. El seminario se celebr\u00f3 los d\u00edas 30 de septiembre, 1 y 2 de octubre [&hellip;]<\/p>\n","protected":false},"author":1,"featured_media":34,"comment_status":"open","ping_status":"closed","sticky":false,"template":"","format":"standard","meta":{"_acf_changed":false,"footnotes":""},"categories":[8],"tags":[328,297,97,106,49,329],"class_list":["post-1010746","post","type-post","status-publish","format-standard","has-post-thumbnail","hentry","category-canal-de-noticias","tag-aplicaciones","tag-datos","tag-metadatos","tag-parques-nacionales","tag-sierra-nevada","tag-transferencia-ciencia-gestion"],"acf":[],"aioseo_notices":[],"_links":{"self":[{"href":"https:\/\/obsnev.es\/en\/wp-json\/wp\/v2\/posts\/1010746","targetHints":{"allow":["GET"]}}],"collection":[{"href":"https:\/\/obsnev.es\/en\/wp-json\/wp\/v2\/posts"}],"about":[{"href":"https:\/\/obsnev.es\/en\/wp-json\/wp\/v2\/types\/post"}],"author":[{"embeddable":true,"href":"https:\/\/obsnev.es\/en\/wp-json\/wp\/v2\/users\/1"}],"replies":[{"embeddable":true,"href":"https:\/\/obsnev.es\/en\/wp-json\/wp\/v2\/comments?post=1010746"}],"version-history":[{"count":0,"href":"https:\/\/obsnev.es\/en\/wp-json\/wp\/v2\/posts\/1010746\/revisions"}],"wp:featuredmedia":[{"embeddable":true,"href":"https:\/\/obsnev.es\/en\/wp-json\/"}],"wp:attachment":[{"href":"https:\/\/obsnev.es\/en\/wp-json\/wp\/v2\/media?parent=1010746"}],"wp:term":[{"taxonomy":"category","embeddable":true,"href":"https:\/\/obsnev.es\/en\/wp-json\/wp\/v2\/categories?post=1010746"},{"taxonomy":"post_tag","embeddable":true,"href":"https:\/\/obsnev.es\/en\/wp-json\/wp\/v2\/tags?post=1010746"}],"curies":[{"name":"wp","href":"https:\/\/api.w.org\/{rel}","templated":true}]}}