{"id":1010755,"date":"2024-12-03T11:41:37","date_gmt":"2024-12-03T10:41:37","guid":{"rendered":"https:\/\/obsnev.es\/?p=1010755"},"modified":"2024-12-03T11:41:37","modified_gmt":"2024-12-03T10:41:37","slug":"un-planeta-con-fiebre-el-cambio-climatico-en-andalucia","status":"publish","type":"post","link":"https:\/\/obsnev.es\/en\/un-planeta-con-fiebre-el-cambio-climatico-en-andalucia\/","title":{"rendered":"A planet with a fever: climate change in Andalusia"},"content":{"rendered":"<p>El cambio clim\u00e1tico ya no es una cuesti\u00f3n del futuro, sino una realidad que impacta todos los aspectos de la vida en Andaluc\u00eda. Un reportaje de Canal Sur Televisi\u00f3n examina c\u00f3mo esta crisis afecta a la regi\u00f3n, desde sus costas y monta\u00f1as hasta las ciudades y sectores econ\u00f3micos esenciales.<\/p>\n\n\n\n<p>Sierra Nevada, a trav\u00e9s de su <strong>Global Change Observatory<\/strong>,<strong> <\/strong>destaca como centro de investigaci\u00f3n clim\u00e1tica, liderados por cient\u00edficos de la Universidad de Granada, quienes no solo documentan el calentamiento global, sino que tambi\u00e9n desarrollan estrategias de adaptaci\u00f3n y mitigaci\u00f3n.<\/p>\n\n\n\n<p> Con una mezcla de ciencia, testimonios y propuestas de acci\u00f3n, este documental es una invitaci\u00f3n a reconocer la gravedad del cambio clim\u00e1tico y a unir esfuerzos, desde las comunidades locales hasta los foros internacionales, para proteger nuestro futuro.  <\/p>\n\n\n\n<p> El reportaje incluye testimonios de pescadores, agricultores y ganaderos que narran c\u00f3mo el clima cambiante est\u00e1 transformando sus vidas. Los pescadores enfrentan la desaparici\u00f3n de especies clave, como la sardina, debido al calentamiento del agua, que en algunos casos supera los 29 grados. En las zonas rurales, los agricultores luchan contra la escasez de agua y las olas de calor, mientras los ganaderos adaptan sus pr\u00e1cticas para mantener sus reba\u00f1os. <\/p>\n\n\n\n<figure class=\"wp-block-embed-youtube aligncenter wp-block-embed is-type-video is-provider-youtube wp-embed-aspect-16-9 wp-has-aspect-ratio\"><div class=\"wp-block-embed__wrapper\">\n<iframe title=\"UN PLANETA CON FIEBRE: EL CAMBIO CLIM\u00c1TICO EN ANDALUC\u00cdA\" width=\"800\" height=\"450\" src=\"https:\/\/www.youtube.com\/embed\/Rr83ZPKR_jM?feature=oembed\" frameborder=\"0\" allow=\"accelerometer; autoplay; clipboard-write; encrypted-media; gyroscope; picture-in-picture; web-share\" referrerpolicy=\"strict-origin-when-cross-origin\" allowfullscreen><\/iframe>\n<\/div><\/figure>\n\n\n\n<p><\/p>\n\n\n\n<p><\/p>\n\n\n\n<p>Las ciudades tampoco escapan a este fen\u00f3meno, sufriendo el efecto de las \u00abislas de calor\u00bb, donde la concentraci\u00f3n de infraestructuras urbanas intensifica las altas temperaturas. Ciudades como Granada, Jerez y C\u00f3rdoba, con m\u00e1s de un siglo de registros meteorol\u00f3gicos, se han convertido en testigos del cambio clim\u00e1tico, mostrando un aumento sostenido en las temperaturas medias.<\/p>\n\n\n\n<p>El reportaje conecta esta problem\u00e1tica local con el contexto global, haciendo referencia a la reciente COP29 en Bak\u00fa y al compromiso internacional frente a la crisis. No obstante, resalta que las soluciones requieren tanto acuerdos globales como acciones locales, y Andaluc\u00eda demuestra que, con resiliencia y cooperaci\u00f3n, es posible avanzar.<\/p>\n\n\n\n<p><\/p>","protected":false},"excerpt":{"rendered":"<p>El cambio clim\u00e1tico ya no es una cuesti\u00f3n del futuro, sino una realidad que impacta todos los aspectos de la vida en Andaluc\u00eda. Un reportaje de Canal Sur Televisi\u00f3n examina c\u00f3mo esta crisis afecta a la regi\u00f3n, desde sus costas y monta\u00f1as hasta las ciudades y sectores econ\u00f3micos esenciales. Sierra Nevada, a trav\u00e9s de su [&hellip;]<\/p>\n","protected":false},"author":1,"featured_media":1010136,"comment_status":"open","ping_status":"closed","sticky":false,"template":"","format":"standard","meta":{"_acf_changed":false,"footnotes":""},"categories":[8,222,234],"tags":[26,18,269,223,49,225],"class_list":["post-1010755","post","type-post","status-publish","format-standard","has-post-thumbnail","hentry","category-canal-de-noticias","category-observatorio-de-cambio-global","category-sierra-nevada","tag-cambio-climatico","tag-cambio-global","tag-junta-de-andalucia","tag-observatorio-de-cambio-global-de-sierra-nevada","tag-sierra-nevada","tag-universidad-de-granada"],"acf":[],"aioseo_notices":[],"_links":{"self":[{"href":"https:\/\/obsnev.es\/en\/wp-json\/wp\/v2\/posts\/1010755","targetHints":{"allow":["GET"]}}],"collection":[{"href":"https:\/\/obsnev.es\/en\/wp-json\/wp\/v2\/posts"}],"about":[{"href":"https:\/\/obsnev.es\/en\/wp-json\/wp\/v2\/types\/post"}],"author":[{"embeddable":true,"href":"https:\/\/obsnev.es\/en\/wp-json\/wp\/v2\/users\/1"}],"replies":[{"embeddable":true,"href":"https:\/\/obsnev.es\/en\/wp-json\/wp\/v2\/comments?post=1010755"}],"version-history":[{"count":0,"href":"https:\/\/obsnev.es\/en\/wp-json\/wp\/v2\/posts\/1010755\/revisions"}],"wp:featuredmedia":[{"embeddable":true,"href":"https:\/\/obsnev.es\/en\/wp-json\/wp\/v2\/media\/1010136"}],"wp:attachment":[{"href":"https:\/\/obsnev.es\/en\/wp-json\/wp\/v2\/media?parent=1010755"}],"wp:term":[{"taxonomy":"category","embeddable":true,"href":"https:\/\/obsnev.es\/en\/wp-json\/wp\/v2\/categories?post=1010755"},{"taxonomy":"post_tag","embeddable":true,"href":"https:\/\/obsnev.es\/en\/wp-json\/wp\/v2\/tags?post=1010755"}],"curies":[{"name":"wp","href":"https:\/\/api.w.org\/{rel}","templated":true}]}}