{"id":1010798,"date":"2025-02-26T20:52:52","date_gmt":"2025-02-26T19:52:52","guid":{"rendered":"https:\/\/obsnev.es\/?p=1010798"},"modified":"2025-02-26T20:52:52","modified_gmt":"2025-02-26T19:52:52","slug":"restauracion-ecologica-ejemplos-de-bases-tecnicas-y-soluciones-practicas","status":"publish","type":"post","link":"https:\/\/obsnev.es\/en\/restauracion-ecologica-ejemplos-de-bases-tecnicas-y-soluciones-practicas\/","title":{"rendered":"Ecological Restoration: examples of technical foundations and practical solutions"},"content":{"rendered":"<p>La Fundaci\u00f3n Biodiversidad, adscrita al Ministerio para la Transici\u00f3n Ecol\u00f3gica y el Reto Demogr\u00e1fico (MITECO), ha financiado la elaboraci\u00f3n del libro <a href=\"https:\/\/ieeb.fundacion-biodiversidad.es\/recursos\/restauracion-ecologica-ejemplos-de-bases-tecnicas-y-soluciones-practicas\"><em>Ecological Restoration: examples of technical foundations and practical solutions<\/em>.<\/a> Esta publicaci\u00f3n est\u00e1 dirigida a profesionales y futuros expertos en restauraci\u00f3n, brindando pautas clave para intervenir en distintos entornos degradados.<\/p>\n\n\n\n<p>El documento es fruto del trabajo de 50 especialistas que han recopilado un extenso conjunto de conocimientos y experiencias en torno a los principales desaf\u00edos que plantea la restauraci\u00f3n ecol\u00f3gica. Organizado en secciones tem\u00e1ticas, el libro abarca distintos ecosistemas, factores de alteraci\u00f3n y aspectos transversales como el cambio clim\u00e1tico y la participaci\u00f3n ciudadana. Adem\u00e1s, incluye un <a href=\"https:\/\/app.powerbi.com\/view?r=eyJrIjoiZWJhNzRjNTEtNjFiNi00NmMwLWI4NGMtNjFkYmExY2Q2OTI3IiwidCI6IjM0MzZmMDQyLWMxNGEtNDNhOS04M2FhLTgwYjdjNDIwYTNmMyIsImMiOjl9\">portafolio con 90 casos pr\u00e1cticos<\/a> que sirven como referencia para el dise\u00f1o y ejecuci\u00f3n de proyectos en este campo.<\/p>\n\n\n\n<figure class=\"wp-block-image size-large\"><img fetchpriority=\"high\" decoding=\"async\" width=\"1024\" height=\"574\" src=\"https:\/\/obsnev.es\/wp-content\/uploads\/2025\/02\/restauracion-1024x574.png\" alt=\"\" class=\"wp-image-1010800\" srcset=\"https:\/\/obsnev.es\/wp-content\/uploads\/2025\/02\/restauracion-1024x574.png 1024w, https:\/\/obsnev.es\/wp-content\/uploads\/2025\/02\/restauracion-300x168.png 300w, https:\/\/obsnev.es\/wp-content\/uploads\/2025\/02\/restauracion-768x430.png 768w, https:\/\/obsnev.es\/wp-content\/uploads\/2025\/02\/restauracion-1536x861.png 1536w, https:\/\/obsnev.es\/wp-content\/uploads\/2025\/02\/restauracion-18x10.png 18w, https:\/\/obsnev.es\/wp-content\/uploads\/2025\/02\/restauracion.png 2004w\" sizes=\"(max-width: 1024px) 100vw, 1024px\" \/><figcaption>Portada de la publicaci\u00f3n<\/figcaption><\/figure>\n\n\n\n<h4 class=\"wp-block-heading\">Restauraci\u00f3n del enebral:  Observatorio Cambio Global Sierra Nevada<\/h4>\n\n\n\n<p>The&nbsp;<a href=\"https:\/\/obsnev.es\/en\/\" target=\"_blank\" rel=\"noreferrer noopener\">Observatorio del Cambio Global de Sierra Nevada<\/a>&nbsp;ha contribuido a esta publicaci\u00f3n con un caso pr\u00e1ctico de gesti\u00f3n adaptativa para la restauraci\u00f3n del enebral-sabinar de alta&nbsp;monta\u00f1a, en el marco del PROYECTO LIFE ADAPTAMED LIFE14 CCA\/ ES\/000612. ACCI\u00d3N C5. BASES ECOL\u00d3GICAS PARA LA RESTAURACI\u00d3N DE LOS ENEBRALES-PIORNALES DE LA ALTA MONTA\u00d1A MEDITERR\u00c1NEA (Entidades responsables: Consejer\u00eda de Sostenibilidad, Medio Ambiente y Econom\u00eda Azul de la Junta de Andaluc\u00eda, Universidad de Granada (a trav\u00e9s del Instituto Interuniversitario de Investigaci\u00f3n del Sistema Tierra en Andaluc\u00eda) y Agencia de Medio Ambiente y Agua).<\/p>\n\n\n\n<p>Esta iniciativa de gesti\u00f3n adaptativa responde, en parte, a la obligaci\u00f3n de restaurar un h\u00e1bitat protegido, incluido en el anexo I de la Directiva H\u00e1bitats, el cual alberga especies recogidas en los anexos II y IV de dicha directiva, as\u00ed como en el anexo I de la Directiva 2009\/147\/CE del Parlamento Europeo.<\/p>\n\n\n\n<p>Como resultado del estudio, se han identificado una serie de medidas clave para la restauraci\u00f3n del enebral, divididas en <strong>acciones espec\u00edficas y estrategias generales de conservaci\u00f3n<\/strong>.<\/p>\n\n\n\n<h4 class=\"wp-block-heading\">Conclusiones y recomendaciones<\/h4>\n\n\n\n<p>\ud83d\udd39 <strong>Acciones espec\u00edficas:<\/strong><\/p>\n\n\n\n<ul class=\"wp-block-list\"><li>Distribuir plantaciones en distintos a\u00f1os, para aprovechar que las condiciones clim\u00e1ticas pueden ser mejores en unos a\u00f1os que en otros.<\/li><li>Realizar plantaciones a inicios de oto\u00f1o antes de las heladas\u00a0nocturnas\u00a0invernales.<\/li><li>Considerar que la consolidaci\u00f3n de un enebral restaurado requiere de varias d\u00e9cadas y es un proceso costoso.<\/li><\/ul>\n\n\n\n<p>\ud83d\udd39 <strong>Acciones generales para la conservaci\u00f3n de enebrales-sabinares:<\/strong><\/p>\n\n\n\n<ul class=\"wp-block-list\"><li> Protecci\u00f3n estricta de los enebrales-sabinares existentes en la alta monta\u00f1a.<\/li><li>Mantenimiento de las acequias tradicionales para mejorar la humedad del suelo en verano.<\/li><li>Conservaci\u00f3n de las aves dispersoras de semillas (mirlos y zorzales), cuyas poblaciones han disminuido dr\u00e1sticamente. <\/li><\/ul>\n\n\n\n<div class=\"wp-block-image\"><figure class=\"aligncenter size-vp_sm is-resized\"><img decoding=\"async\" src=\"https:\/\/obsnev.es\/wp-content\/uploads\/2025\/02\/enebro-341x500.png\" alt=\"\" class=\"wp-image-1010804\" width=\"473\" height=\"694\"\/><figcaption>Autor: Jos\u00e9 Miguel Barea.<\/figcaption><\/figure><\/div>\n\n\n\n<p><\/p>","protected":false},"excerpt":{"rendered":"<p>La Fundaci\u00f3n Biodiversidad, adscrita al Ministerio para la Transici\u00f3n Ecol\u00f3gica y el Reto Demogr\u00e1fico (MITECO), ha financiado la elaboraci\u00f3n del libro Restauraci\u00f3n ecol\u00f3gica: ejemplos de bases t\u00e9cnicas y soluciones pr\u00e1cticas. Esta publicaci\u00f3n est\u00e1 dirigida a profesionales y futuros expertos en restauraci\u00f3n, brindando pautas clave para intervenir en distintos entornos degradados. El documento es fruto del [&hellip;]<\/p>\n","protected":false},"author":1,"featured_media":1010804,"comment_status":"open","ping_status":"closed","sticky":false,"template":"","format":"standard","meta":{"_acf_changed":false,"footnotes":""},"categories":[8,222,234],"tags":[330,15,302,331,60],"class_list":["post-1010798","post","type-post","status-publish","format-standard","has-post-thumbnail","hentry","category-canal-de-noticias","category-observatorio-de-cambio-global","category-sierra-nevada","tag-enebral","tag-evaluacion-de-la-gestion-forestal","tag-gestion-adaptativa","tag-observatorio-del-cambio-global-de-sierra-nevada","tag-restauracion"],"acf":[],"aioseo_notices":[],"_links":{"self":[{"href":"https:\/\/obsnev.es\/en\/wp-json\/wp\/v2\/posts\/1010798","targetHints":{"allow":["GET"]}}],"collection":[{"href":"https:\/\/obsnev.es\/en\/wp-json\/wp\/v2\/posts"}],"about":[{"href":"https:\/\/obsnev.es\/en\/wp-json\/wp\/v2\/types\/post"}],"author":[{"embeddable":true,"href":"https:\/\/obsnev.es\/en\/wp-json\/wp\/v2\/users\/1"}],"replies":[{"embeddable":true,"href":"https:\/\/obsnev.es\/en\/wp-json\/wp\/v2\/comments?post=1010798"}],"version-history":[{"count":0,"href":"https:\/\/obsnev.es\/en\/wp-json\/wp\/v2\/posts\/1010798\/revisions"}],"wp:featuredmedia":[{"embeddable":true,"href":"https:\/\/obsnev.es\/en\/wp-json\/wp\/v2\/media\/1010804"}],"wp:attachment":[{"href":"https:\/\/obsnev.es\/en\/wp-json\/wp\/v2\/media?parent=1010798"}],"wp:term":[{"taxonomy":"category","embeddable":true,"href":"https:\/\/obsnev.es\/en\/wp-json\/wp\/v2\/categories?post=1010798"},{"taxonomy":"post_tag","embeddable":true,"href":"https:\/\/obsnev.es\/en\/wp-json\/wp\/v2\/tags?post=1010798"}],"curies":[{"name":"wp","href":"https:\/\/api.w.org\/{rel}","templated":true}]}}