{"id":1010822,"date":"2025-03-10T08:13:16","date_gmt":"2025-03-10T07:13:16","guid":{"rendered":"https:\/\/obsnev.es\/?p=1010822"},"modified":"2025-03-10T08:13:16","modified_gmt":"2025-03-10T07:13:16","slug":"exposicion-en-la-madraza-sobre-el-observatorio-del-cambio-global-de-sierra-nevada-y-su-programa-de-monitoreo-ecologico-a-largo-plazo","status":"publish","type":"post","link":"https:\/\/obsnev.es\/en\/exposicion-en-la-madraza-sobre-el-observatorio-del-cambio-global-de-sierra-nevada-y-su-programa-de-monitoreo-ecologico-a-largo-plazo\/","title":{"rendered":"Exhibition at La Madraza on the Sierra Nevada Global Change Observatory and its long-term ecological monitoring program"},"content":{"rendered":"<p>A partir de este lunes 10 de Marzo, el Palacio de la Madraza ser\u00e1 el escenario de una exposici\u00f3n dedicada al <a href=\"https:\/\/obsnev.es\/en\/\">Observatorio del Cambio Global de Sierra Nevada<\/a>. Esta iniciativa tiene como prop\u00f3sito principal establecer un programa de monitoreo ecol\u00f3gico a largo plazo, recopilando y difundiendo datos fundamentales para la gesti\u00f3n ambiental, la investigaci\u00f3n cient\u00edfica y la concienciaci\u00f3n ciudadana. La muestra ser\u00e1 inaugurada a las 19:30 horas, con la participaci\u00f3n de representantes de la Universidad de Granada, entre ellos su rector, Pedro Mercado Pacheco, y la vicerrectora de Extensi\u00f3n Universitaria, Patrimonio y Relaciones Institucionales, Marga S\u00e1nchez Romero.<\/p>\n\n\n\n<p>El Observatorio es impulsado por la <a href=\"https:\/\/www.ugr.es\/\">University of Granada<\/a> y la <a href=\"https:\/\/www.juntadeandalucia.es\/organismos\/sostenibilidadymedioambiente.html\">Consejer\u00eda de Sostenibilidad y Medio Ambiente de la Junta de Andaluc\u00eda<\/a>. A trav\u00e9s de un equipo multidisciplinario de expertos, la Universidad de Granada contribuye con investigaciones y asesoramiento cient\u00edfico, aportando una perspectiva rigurosa y de alcance internacional para coordinar a los diversos equipos involucrados. La exposici\u00f3n est\u00e1 bajo la coordinaci\u00f3n de Regino Zamora, catedr\u00e1tico de Ecolog\u00eda de la UGR.<\/p>\n\n\n\n<p>El an\u00e1lisis y la valoraci\u00f3n de los datos obtenidos a lo largo del tiempo permiten evaluar el estado actual de los ecosistemas de Sierra Nevada. Esta informaci\u00f3n resulta clave para la gesti\u00f3n ambiental y la sensibilizaci\u00f3n social. Para fortalecer la aplicaci\u00f3n pr\u00e1ctica del conocimiento generado, se han desarrollado iniciativas en colaboraci\u00f3n con gestores, t\u00e9cnicos y agentes del <a href=\"https:\/\/www.juntadeandalucia.es\/medioambiente\/portal\/landing-page-%C3%ADndice\/-\/asset_publisher\/zX2ouZa4r1Rf\/content\/espacio-natural-de-sierra-nevada-1\/20151\">Espacio Natural Sierra Nevada<\/a>, as\u00ed como con la empresa p\u00fablica <a href=\"https:\/\/www.juntadeandalucia.es\/organismos\/amaya.html\">AMAYA<\/a>. Estas incluyen programas de seguimiento y proyectos innovadores orientados a mejorar la adaptaci\u00f3n de los ecosistemas frente al cambio clim\u00e1tico.<\/p>\n\n\n\n<p>El Observatorio tambi\u00e9n se enfoca en la difusi\u00f3n del conocimiento cient\u00edfico en el contexto del cambio global, lo que exige un abordaje multidisciplinar. Adem\u00e1s, ha logrado recopilar series de datos a lo largo de extensos per\u00edodos, procedentes de diversas fuentes, lo que refuerza la calidad y utilidad de la informaci\u00f3n generada.<\/p>\n\n\n\n<p>Para facilitar el acceso a estos datos, se han desarrollado aplicaciones interactivas que forman parte de la exposici\u00f3n. Entre ellas se encuentran <a href=\"https:\/\/climanevada.obsnev.es\/\">ClimaNevada<\/a>, una base de datos clim\u00e1ticos; la <a href=\"https:\/\/microclima.obsnev.es\/ventana-de-la-ciencia\/\">Red Microclim\u00e1tica<\/a>, que monitoriza variaciones de temperatura y humedad en distintos ecosistemas; <a href=\"https:\/\/histonevada.obsnev.es\/\">HistoNevada<\/a>, una plataforma de ciencia ciudadana para la recopilaci\u00f3n y consulta de im\u00e1genes y documentos hist\u00f3ricos; <a href=\"https:\/\/biblionevada.obsnev.es\/\">BiblioNevada<\/a>, que permite acceder a publicaciones cient\u00edficas; y <a href=\"https:\/\/ajpelu.github.io\/diveRpine\/\">DiveRpine<\/a>, una herramienta para la toma de decisiones en la gesti\u00f3n de pinares de repoblaci\u00f3n.<\/p>\n\n\n\n<p>La exposici\u00f3n tambi\u00e9n destaca el impacto del Observatorio en los medios de comunicaci\u00f3n y en la producci\u00f3n cient\u00edfica, reflejando los principales hallazgos sobre el cambio global en Sierra Nevada. Se pone en valor el papel de la ciencia ciudadana, as\u00ed como el uso de tecnolog\u00edas avanzadas como la teledetecci\u00f3n para el monitoreo de la biodiversidad y el funcionamiento de los ecosistemas. Adem\u00e1s, se resalta la influencia del Observatorio, desde su creaci\u00f3n en 2008, en las pol\u00edticas p\u00fablicas a nivel regional, nacional e internacional.<\/p>\n\n\n\n<p>Este evento es organizado por la Universidad de Granada, a trav\u00e9s de la Unidad de Cultura Cient\u00edfica, La Madraza. Centro de Cultura Contempor\u00e1nea y el \u00c1rea de Patrimonio, junto con el Observatorio del Cambio Global de Sierra Nevada y la Junta de Andaluc\u00eda. Asimismo, cuenta con el apoyo de la Fundaci\u00f3n Espa\u00f1ola para la Ciencia y la Tecnolog\u00eda (FECYT) y el Ministerio de Ciencia, Innovaci\u00f3n y Universidades.<\/p>\n\n\n\n<p><strong>Detalles de la exposici\u00f3n:<\/strong><br>\n\ud83d\udccd <em>Ubicaci\u00f3n:<\/em> Sala \u00abLa Universidad Investiga\u00bb, Palacio de la Madraza<br>\n\ud83d\udcc5 <em>Fecha de inauguraci\u00f3n:<\/em> Martes 10 de marzo de 2025, 19:30 h<br>\n\ud83d\udd52 <em>Horario de visita:<\/em><\/p>\n\n\n\n<ul class=\"wp-block-list\"><li>Lunes a viernes: 11:00 \u2013 14:00 h \/ 17:30 \u2013 19:30 h<\/li><li>Cerrado s\u00e1bados, domingos y festivos<\/li><\/ul>\n\n\n\n<p><strong>Contacto:<\/strong><br> \ud83d\udce9 Para informaci\u00f3n sobre la exposici\u00f3n: M\u00aa Luisa Bellido Gant \u2013 <a>mbellido@ugr.es<\/a><br> \ud83d\udce9 Sobre el proyecto OBSNEV: Regino Zamora \u2013 <a>rzamora@ugr.es<\/a><\/p>\n\n\n\n<figure class=\"wp-block-image size-large\"><img fetchpriority=\"high\" decoding=\"async\" width=\"818\" height=\"1024\" src=\"https:\/\/obsnev.es\/wp-content\/uploads\/2025\/03\/Cartel-Sierra-Nevada-03-1-818x1024.png\" alt=\"\" class=\"wp-image-1010824\" srcset=\"https:\/\/obsnev.es\/wp-content\/uploads\/2025\/03\/Cartel-Sierra-Nevada-03-1-818x1024.png 818w, https:\/\/obsnev.es\/wp-content\/uploads\/2025\/03\/Cartel-Sierra-Nevada-03-1-240x300.png 240w, https:\/\/obsnev.es\/wp-content\/uploads\/2025\/03\/Cartel-Sierra-Nevada-03-1-768x961.png 768w, https:\/\/obsnev.es\/wp-content\/uploads\/2025\/03\/Cartel-Sierra-Nevada-03-1-1227x1536.png 1227w, https:\/\/obsnev.es\/wp-content\/uploads\/2025\/03\/Cartel-Sierra-Nevada-03-1-10x12.png 10w, https:\/\/obsnev.es\/wp-content\/uploads\/2025\/03\/Cartel-Sierra-Nevada-03-1.png 1534w\" sizes=\"(max-width: 818px) 100vw, 818px\" \/><\/figure>","protected":false},"excerpt":{"rendered":"<p>A partir de este lunes 10 de Marzo, el Palacio de la Madraza ser\u00e1 el escenario de una exposici\u00f3n dedicada al Observatorio del Cambio Global de Sierra Nevada. Esta iniciativa tiene como prop\u00f3sito principal establecer un programa de monitoreo ecol\u00f3gico a largo plazo, recopilando y difundiendo datos fundamentales para la gesti\u00f3n ambiental, la investigaci\u00f3n cient\u00edfica [&hellip;]<\/p>\n","protected":false},"author":1,"featured_media":1010824,"comment_status":"open","ping_status":"closed","sticky":false,"template":"","format":"standard","meta":{"_acf_changed":false,"footnotes":""},"categories":[8,222,234],"tags":[332,331,333,225],"class_list":["post-1010822","post","type-post","status-publish","format-standard","has-post-thumbnail","hentry","category-canal-de-noticias","category-observatorio-de-cambio-global","category-sierra-nevada","tag-exposicion","tag-observatorio-del-cambio-global-de-sierra-nevada","tag-ugr-investiga","tag-universidad-de-granada"],"acf":[],"aioseo_notices":[],"_links":{"self":[{"href":"https:\/\/obsnev.es\/en\/wp-json\/wp\/v2\/posts\/1010822","targetHints":{"allow":["GET"]}}],"collection":[{"href":"https:\/\/obsnev.es\/en\/wp-json\/wp\/v2\/posts"}],"about":[{"href":"https:\/\/obsnev.es\/en\/wp-json\/wp\/v2\/types\/post"}],"author":[{"embeddable":true,"href":"https:\/\/obsnev.es\/en\/wp-json\/wp\/v2\/users\/1"}],"replies":[{"embeddable":true,"href":"https:\/\/obsnev.es\/en\/wp-json\/wp\/v2\/comments?post=1010822"}],"version-history":[{"count":0,"href":"https:\/\/obsnev.es\/en\/wp-json\/wp\/v2\/posts\/1010822\/revisions"}],"wp:featuredmedia":[{"embeddable":true,"href":"https:\/\/obsnev.es\/en\/wp-json\/wp\/v2\/media\/1010824"}],"wp:attachment":[{"href":"https:\/\/obsnev.es\/en\/wp-json\/wp\/v2\/media?parent=1010822"}],"wp:term":[{"taxonomy":"category","embeddable":true,"href":"https:\/\/obsnev.es\/en\/wp-json\/wp\/v2\/categories?post=1010822"},{"taxonomy":"post_tag","embeddable":true,"href":"https:\/\/obsnev.es\/en\/wp-json\/wp\/v2\/tags?post=1010822"}],"curies":[{"name":"wp","href":"https:\/\/api.w.org\/{rel}","templated":true}]}}