{"id":1010831,"date":"2025-03-17T10:06:03","date_gmt":"2025-03-17T09:06:03","guid":{"rendered":"https:\/\/obsnev.es\/?p=1010831"},"modified":"2025-03-17T10:06:03","modified_gmt":"2025-03-17T09:06:03","slug":"el-observatorio-cambio-global-sierra-nevada-en-cambio-climatico-de-canal-sur-radio","status":"publish","type":"post","link":"https:\/\/obsnev.es\/en\/el-observatorio-cambio-global-sierra-nevada-en-cambio-climatico-de-canal-sur-radio\/","title":{"rendered":"Sierra Nevada Global Change Observatory on Canal Sur Radio's \"Cambio Clim\u00e1tico\""},"content":{"rendered":"<p>El programa <a href=\"https:\/\/www.canalsur.es\/multimedia.html?id=2143798\">\u00abCambio Clim\u00e1tico\u00bb de Canal Sur Radio<\/a> ha contado,  <strong>a partir del minuto 38:25,<\/strong>  con la participaci\u00f3n de Regino Zamora, catedr\u00e1tico de Ecolog\u00eda en la Universidad de Granada y coordinador cient\u00edfico del <a href=\"https:\/\/obsnev.es\/en\/\">Sierra Nevada Global Change Observatory<\/a>. La entrevista se realiz\u00f3 con motivo de la reciente inauguraci\u00f3n de la exposici\u00f3n \u00abObservatorio Cambio Global Sierra Nevada\u00bb en el Palacio de la Madraza de Granada.<\/p>\n\n\n\n<p> Durante la conversaci\u00f3n, Zamora resalt\u00f3 la importancia del Observatorio en la monitorizaci\u00f3n del impacto del cambio global en los ecosistemas de Sierra Nevada. Seg\u00fan explic\u00f3 en Canal Sur Radio, esta iniciativa no solo proporciona informaci\u00f3n esencial para la gesti\u00f3n ambiental, sino que tambi\u00e9n fomenta la implicaci\u00f3n de la sociedad en la comprensi\u00f3n de los cambios que experimenta esta zona. Desde su puesta en marcha en 2008, el Observatorio ha permitido estudiar la evoluci\u00f3n del clima y la biodiversidad, detectando tendencias significativas como el aumento de la temperatura, la variabilidad en las precipitaciones y la creciente presencia de polvo sahariano. <\/p>\n\n\n\n<p> <a href=\"https:\/\/drive.google.com\/file\/d\/1DnDGVO6EPAJaqzAVceiqiSv8xO0c9CHN\/view?usp=sharing\"><strong>ESCUCHE EL FRAGMENTO DEL PROGRAMA<\/strong><\/a> <\/p>\n\n\n\n<div class=\"wp-block-image\"><figure class=\"aligncenter size-large\"><img fetchpriority=\"high\" decoding=\"async\" width=\"1001\" height=\"1024\" src=\"https:\/\/obsnev.es\/wp-content\/uploads\/2025\/03\/IMG_20250310_194018_RECORT-1001x1024.jpg\" alt=\"\" class=\"wp-image-1010832\" srcset=\"https:\/\/obsnev.es\/wp-content\/uploads\/2025\/03\/IMG_20250310_194018_RECORT-1001x1024.jpg 1001w, https:\/\/obsnev.es\/wp-content\/uploads\/2025\/03\/IMG_20250310_194018_RECORT-293x300.jpg 293w, https:\/\/obsnev.es\/wp-content\/uploads\/2025\/03\/IMG_20250310_194018_RECORT-768x786.jpg 768w, https:\/\/obsnev.es\/wp-content\/uploads\/2025\/03\/IMG_20250310_194018_RECORT-1501x1536.jpg 1501w, https:\/\/obsnev.es\/wp-content\/uploads\/2025\/03\/IMG_20250310_194018_RECORT-12x12.jpg 12w, https:\/\/obsnev.es\/wp-content\/uploads\/2025\/03\/IMG_20250310_194018_RECORT.jpg 2001w\" sizes=\"(max-width: 1001px) 100vw, 1001px\" \/><figcaption>Inaguraci\u00f3n de la exposici\u00f3n 10\/03\/2025<\/figcaption><\/figure><\/div>\n\n\n\n<p>Asimismo, Zamora subray\u00f3 el compromiso del Observatorio con la divulgaci\u00f3n del conocimiento cient\u00edfico, enfatizando la necesidad de que los avances en investigaci\u00f3n lleguen tanto a la ciudadan\u00eda como a los responsables pol\u00edticos para facilitar la toma de decisiones fundamentadas. En este sentido, destac\u00f3 el desarrollo de herramientas como BiblioNevada, Histonevada, ClimaNevada, DiveRpine y la Red Microclim\u00e1tica, encargadas de transferir conocimiento cient\u00edfico.<\/p>\n\n\n\n<p>Igualmente resalt\u00f3 la gran repercusi\u00f3n que la actividad del Observatorio est\u00e1 teniendo en las pol\u00edticas p\u00fablicas a diferentes escalas. El trabajo del Observatorio ha sido referenciado en informes de organismos internacionales como Naciones Unidas, la Uni\u00f3n Europea y el gobierno de Estados Unidos.<\/p>\n\n\n\n<p>La exposici\u00f3n, que permanecer\u00e1 abierta hasta el 30 de septiembre en el Palacio de la Madraza, ofrece un recorrido accesible y did\u00e1ctico por los principales descubrimientos del Observatorio. Adem\u00e1s, cuenta con estaciones interactivas que permiten al visitante explorar de manera din\u00e1mica los efectos del cambio global en Sierra Nevada. Puede visitarse de lunes a viernes en horario de 10:00 a 14:00 y de 17:00 a 19:30.<\/p>\n\n\n\n<p>La entrevista realizada en Canal Sur Radio ha contribuido a ampliar el alcance del trabajo del Observatorio y a sensibilizar sobre la necesidad de tomar medidas ante el cambio clim\u00e1tico. \u00abSierra Nevada es un escenario natural privilegiado para el estudio de los cambios globales, y nuestro objetivo es anticiparnos a sus efectos y contribuir a la b\u00fasqueda de soluciones\u00bb, concluy\u00f3 Zamora.<\/p>","protected":false},"excerpt":{"rendered":"<p>El programa \u00abCambio Clim\u00e1tico\u00bb de Canal Sur Radio ha contado, a partir del minuto 38:25, con la participaci\u00f3n de Regino Zamora, catedr\u00e1tico de Ecolog\u00eda en la Universidad de Granada y coordinador cient\u00edfico del Observatorio de Cambio Global de Sierra Nevada. La entrevista se realiz\u00f3 con motivo de la reciente inauguraci\u00f3n de la exposici\u00f3n \u00abObservatorio Cambio [&hellip;]<\/p>\n","protected":false},"author":1,"featured_media":1010832,"comment_status":"open","ping_status":"closed","sticky":false,"template":"","format":"standard","meta":{"_acf_changed":false,"footnotes":""},"categories":[8,222,234],"tags":[26,334,335,332,59],"class_list":["post-1010831","post","type-post","status-publish","format-standard","has-post-thumbnail","hentry","category-canal-de-noticias","category-observatorio-de-cambio-global","category-sierra-nevada","tag-cambio-climatico","tag-canal-sur","tag-entrevista","tag-exposicion","tag-observatorio-cambio-global-sierra-nevada"],"acf":[],"aioseo_notices":[],"_links":{"self":[{"href":"https:\/\/obsnev.es\/en\/wp-json\/wp\/v2\/posts\/1010831","targetHints":{"allow":["GET"]}}],"collection":[{"href":"https:\/\/obsnev.es\/en\/wp-json\/wp\/v2\/posts"}],"about":[{"href":"https:\/\/obsnev.es\/en\/wp-json\/wp\/v2\/types\/post"}],"author":[{"embeddable":true,"href":"https:\/\/obsnev.es\/en\/wp-json\/wp\/v2\/users\/1"}],"replies":[{"embeddable":true,"href":"https:\/\/obsnev.es\/en\/wp-json\/wp\/v2\/comments?post=1010831"}],"version-history":[{"count":0,"href":"https:\/\/obsnev.es\/en\/wp-json\/wp\/v2\/posts\/1010831\/revisions"}],"wp:featuredmedia":[{"embeddable":true,"href":"https:\/\/obsnev.es\/en\/wp-json\/wp\/v2\/media\/1010832"}],"wp:attachment":[{"href":"https:\/\/obsnev.es\/en\/wp-json\/wp\/v2\/media?parent=1010831"}],"wp:term":[{"taxonomy":"category","embeddable":true,"href":"https:\/\/obsnev.es\/en\/wp-json\/wp\/v2\/categories?post=1010831"},{"taxonomy":"post_tag","embeddable":true,"href":"https:\/\/obsnev.es\/en\/wp-json\/wp\/v2\/tags?post=1010831"}],"curies":[{"name":"wp","href":"https:\/\/api.w.org\/{rel}","templated":true}]}}