{"id":1010842,"date":"2025-04-23T13:11:33","date_gmt":"2025-04-23T11:11:33","guid":{"rendered":"https:\/\/obsnev.es\/?p=1010842"},"modified":"2026-02-19T11:40:11","modified_gmt":"2026-02-19T10:40:11","slug":"movilizacion-de-datos-de-sierra-nevada-a-elter","status":"publish","type":"post","link":"https:\/\/obsnev.es\/en\/movilizacion-de-datos-de-sierra-nevada-a-elter\/","title":{"rendered":"Movilizaci\u00f3n de datos del nodo Sierra Nevada a eLTER"},"content":{"rendered":"<div data-elementor-type=\"wp-post\" data-elementor-id=\"1010842\" class=\"elementor elementor-1010842\" data-elementor-post-type=\"post\">\n\t\t\t\t<div class=\"elementor-element elementor-element-59337720 e-flex e-con-boxed e-con e-parent\" data-id=\"59337720\" data-element_type=\"container\" data-e-type=\"container\">\n\t\t\t\t\t<div class=\"e-con-inner\">\n\t\t\t\t<div class=\"elementor-element elementor-element-1bf84e6 elementor-widget elementor-widget-text-editor\" data-id=\"1bf84e6\" data-element_type=\"widget\" data-e-type=\"widget\" data-widget_type=\"text-editor.default\">\n\t\t\t\t<div class=\"elementor-widget-container\">\n\t\t\t\t\t\t\t\t\t\n<p>Este a\u00f1o, el <a href=\"https:\/\/deims.org\/e51cee43-dc12-4545-8e5b-dad35431e3f7\">nodo LTER Sierra Nevada<\/a> est\u00e1 participando activamente en la <strong>convocatoria de movilizaci\u00f3n de datos<\/strong> impulsada por <a href=\"https:\/\/www.elter-ri.eu\/\">eLTER<\/a>.<\/p>\n\n<p>Nuestra misi\u00f3n es <strong>integrar metadatos y datos ambientales de gran calidad<\/strong> relacionados con las <em>Standard Observations<\/em> (SO) definidas por la comunidad cient\u00edfica de eLTER.<\/p>\n\n<p>Los meta(datos) se integran en abierto a trav\u00e9s del <em>Digital Asset Registry<\/em> (DAR) desarrollado por eLTER. Este portal ser\u00e1 un <strong>valioso recurso para la investigaci\u00f3n, la pol\u00edtica y la innovaci\u00f3n<\/strong>, especialmente teniendo en cuenta que eLTER es una Infraestructura de Investigaci\u00f3n emergente que ser\u00e1 implementada por el <em>European Strategy Forum for Research Infrastructures<\/em> (ESFRI) en 2026\/2027.<\/p>\n\n<p>El siguiente mapa, proporcionado por eLTER, muestra los pa\u00edses que participan en la convocatoria, de la cu\u00e1l puede obtenerse m\u00e1s informaci\u00f3n en: <a href=\"https:\/\/www.elter-ri.eu\/news\/elter-data-mobilization-advancing-access-ecological-data\">https:\/\/www.elter-ri.eu\/news\/elter-data-mobilization-advancing-access-ecological-data<\/a><\/p>\n<p><img fetchpriority=\"high\" decoding=\"async\" class=\"alignnone wp-image-1011419 size-large\" src=\"https:\/\/obsnev.es\/wp-content\/uploads\/2025\/04\/submissions_map-1-1024x1024.jpeg\" alt=\"\" width=\"800\" height=\"800\" srcset=\"https:\/\/obsnev.es\/wp-content\/uploads\/2025\/04\/submissions_map-1-1024x1024.jpeg 1024w, https:\/\/obsnev.es\/wp-content\/uploads\/2025\/04\/submissions_map-1-300x300.jpeg 300w, https:\/\/obsnev.es\/wp-content\/uploads\/2025\/04\/submissions_map-1-150x150.jpeg 150w, https:\/\/obsnev.es\/wp-content\/uploads\/2025\/04\/submissions_map-1-768x768.jpeg 768w, https:\/\/obsnev.es\/wp-content\/uploads\/2025\/04\/submissions_map-1-1536x1536.jpeg 1536w, https:\/\/obsnev.es\/wp-content\/uploads\/2025\/04\/submissions_map-1-12x12.jpeg 12w, https:\/\/obsnev.es\/wp-content\/uploads\/2025\/04\/submissions_map-1.jpeg 2048w\" sizes=\"(max-width: 800px) 100vw, 800px\" \/><\/p>\n\t\t\t\t\t\t\t\t<\/div>\n\t\t\t\t<\/div>\n\t\t\t\t\t<\/div>\n\t\t\t\t<\/div>\n\t\t\t\t<\/div>","protected":false},"excerpt":{"rendered":"<p>Este a\u00f1o, el nodo LTER Sierra Nevada est\u00e1 participando activamente en la convocatoria de movilizaci\u00f3n de datos impulsada por eLTER. Nuestra misi\u00f3n es integrar metadatos y datos ambientales de gran calidad relacionados con las Standard Observations (SO) definidas por la comunidad cient\u00edfica de eLTER. Los meta(datos) se integran en abierto a trav\u00e9s del Digital Asset [&hellip;]<\/p>\n","protected":false},"author":1,"featured_media":3702,"comment_status":"open","ping_status":"closed","sticky":false,"template":"","format":"standard","meta":{"_acf_changed":false,"footnotes":""},"categories":[8],"tags":[297,336,49],"class_list":["post-1010842","post","type-post","status-publish","format-standard","has-post-thumbnail","hentry","category-canal-de-noticias","tag-datos","tag-elter","tag-sierra-nevada"],"acf":[],"aioseo_notices":[],"_links":{"self":[{"href":"https:\/\/obsnev.es\/en\/wp-json\/wp\/v2\/posts\/1010842","targetHints":{"allow":["GET"]}}],"collection":[{"href":"https:\/\/obsnev.es\/en\/wp-json\/wp\/v2\/posts"}],"about":[{"href":"https:\/\/obsnev.es\/en\/wp-json\/wp\/v2\/types\/post"}],"author":[{"embeddable":true,"href":"https:\/\/obsnev.es\/en\/wp-json\/wp\/v2\/users\/1"}],"replies":[{"embeddable":true,"href":"https:\/\/obsnev.es\/en\/wp-json\/wp\/v2\/comments?post=1010842"}],"version-history":[{"count":5,"href":"https:\/\/obsnev.es\/en\/wp-json\/wp\/v2\/posts\/1010842\/revisions"}],"predecessor-version":[{"id":1011423,"href":"https:\/\/obsnev.es\/en\/wp-json\/wp\/v2\/posts\/1010842\/revisions\/1011423"}],"wp:featuredmedia":[{"embeddable":true,"href":"https:\/\/obsnev.es\/en\/wp-json\/wp\/v2\/media\/3702"}],"wp:attachment":[{"href":"https:\/\/obsnev.es\/en\/wp-json\/wp\/v2\/media?parent=1010842"}],"wp:term":[{"taxonomy":"category","embeddable":true,"href":"https:\/\/obsnev.es\/en\/wp-json\/wp\/v2\/categories?post=1010842"},{"taxonomy":"post_tag","embeddable":true,"href":"https:\/\/obsnev.es\/en\/wp-json\/wp\/v2\/tags?post=1010842"}],"curies":[{"name":"wp","href":"https:\/\/api.w.org\/{rel}","templated":true}]}}